{"id":43124,"date":"2022-12-29T10:18:54","date_gmt":"2022-12-29T13:18:54","guid":{"rendered":"http:\/\/www.sincomam.org.br\/?p=43124"},"modified":"2022-12-29T10:18:54","modified_gmt":"2022-12-29T13:18:54","slug":"2023-tera-nove-feriados-nacionais-e-cinco-pontos-facultativos","status":"publish","type":"post","link":"https:\/\/www.sincomam.org.br\/index.php\/2023-tera-nove-feriados-nacionais-e-cinco-pontos-facultativos\/","title":{"rendered":"2023 ter\u00e1 nove feriados nacionais e cinco pontos facultativos"},"content":{"rendered":"<div class=\"post-item alt-font\">\n<div class=\"post-item-wrap\">\n<p>O Minist\u00e9rio da Economia editou portaria que estabelece os dias de feriados nacionais e de ponto facultativo no ano de 2023. A medida \u00e9 para cumprimento pelos \u00f3rg\u00e3os e entidades da administra\u00e7\u00e3o p\u00fablica federal direta, aut\u00e1rquica e fundacional, sem preju\u00edzo da presta\u00e7\u00e3o dos servi\u00e7os considerados essenciais.<img decoding=\"async\" src=\"https:\/\/agenciabrasil.ebc.com.br\/ebc.png?id=1500313&amp;o=node\" \/><img decoding=\"async\" src=\"https:\/\/agenciabrasil.ebc.com.br\/ebc.gif?id=1500313&amp;o=node\" \/><\/p>\n<p>A Portaria n\u00ba 11.090, de 27 de dezembro de 2022, est\u00e1 publicada no<a href=\"https:\/\/www.in.gov.br\/en\/web\/dou\/-\/portaria-me-n-11.090-de-27-de-dezembro-de-2022-454503426\" target=\"_blank\" rel=\"noopener\"><em>\u00a0Di\u00e1rio Oficial da Uni\u00e3o<\/em><\/a>\u00a0desta quinta-feira (29) e define ainda que os feriados estaduais ou municipais ser\u00e3o observados pelas reparti\u00e7\u00f5es da administra\u00e7\u00e3o p\u00fablica federal direta, aut\u00e1rquica e fundacional dos estados e munic\u00edpios.<\/p>\n<p>O documento informa tamb\u00e9m que \u00e9 vedado aos \u00f3rg\u00e3os e entidades integrantes do Sistema de Pessoal Civil da Administra\u00e7\u00e3o Federal antecipar ou postergar ponto facultativo em discord\u00e2ncia com o que est\u00e1 disposto na portaria que define os dias de feriado e ponto facultativo.<\/p>\n<p>Rela\u00e7\u00e3o dos feriados e pontos facultativos de 2023:<\/p>\n<p>&#8211; 1\u00ba de janeiro, Confraterniza\u00e7\u00e3o Universal (feriado nacional);<\/p>\n<p>&#8211; 20 de fevereiro, carnaval (ponto facultativo);<\/p>\n<p>&#8211; 21 de fevereiro, carnaval (ponto facultativo);<\/p>\n<p>&#8211; 22 de fevereiro, quarta-feira de cinzas (ponto facultativo at\u00e9 \u00e0s 14 horas);<\/p>\n<p>&#8211; 7 de abril, Paix\u00e3o de Cristo (feriado nacional);<\/p>\n<p>&#8211; 21 de abril, Tiradentes (feriado nacional);<\/p>\n<p>-1\u00ba de maio, Dia Mundial do Trabalho (feriado nacional);<\/p>\n<p>&#8211; 8 de junho, Corpus Christi (ponto facultativo);<\/p>\n<p>&#8211; 7 de setembro, Independ\u00eancia do Brasil (feriado nacional);<\/p>\n<p>&#8211; 12 de outubro, Nossa Senhora Aparecida (feriado nacional);<\/p>\n<p>&#8211; 28 de outubro, Dia do Servidor P\u00fablico (ponto facultativo);<\/p>\n<p>&#8211; 2 de novembro, Finados (feriado nacional);<\/p>\n<p>&#8211; 15 de novembro, Proclama\u00e7\u00e3o da Rep\u00fablica (feriado nacional); e<\/p>\n<p>&#8211; 25 de dezembro, Natal (feriado nacional).<\/p>\n<\/div>\n<p class=\"alt-font font-italic my-2 small text-info\">Fonte: Ag\u00eancia Brasil<\/p>\n<\/div>\n","protected":false},"excerpt":{"rendered":"<p>O Minist\u00e9rio da Economia editou portaria que estabelece os dias de feriados nacionais e de ponto facultativo no ano de 2023. A medida \u00e9 para&#8230;<\/p>\n","protected":false},"author":1527,"featured_media":43125,"comment_status":"closed","ping_status":"closed","sticky":false,"template":"","format":"standard","meta":{"footnotes":""},"categories":[6],"tags":[],"class_list":["post-43124","post","type-post","status-publish","format-standard","has-post-thumbnail","hentry","category-noticias"],"_links":{"self":[{"href":"https:\/\/www.sincomam.org.br\/index.php\/wp-json\/wp\/v2\/posts\/43124","targetHints":{"allow":["GET"]}}],"collection":[{"href":"https:\/\/www.sincomam.org.br\/index.php\/wp-json\/wp\/v2\/posts"}],"about":[{"href":"https:\/\/www.sincomam.org.br\/index.php\/wp-json\/wp\/v2\/types\/post"}],"author":[{"embeddable":true,"href":"https:\/\/www.sincomam.org.br\/index.php\/wp-json\/wp\/v2\/users\/1527"}],"replies":[{"embeddable":true,"href":"https:\/\/www.sincomam.org.br\/index.php\/wp-json\/wp\/v2\/comments?post=43124"}],"version-history":[{"count":1,"href":"https:\/\/www.sincomam.org.br\/index.php\/wp-json\/wp\/v2\/posts\/43124\/revisions"}],"predecessor-version":[{"id":43126,"href":"https:\/\/www.sincomam.org.br\/index.php\/wp-json\/wp\/v2\/posts\/43124\/revisions\/43126"}],"wp:featuredmedia":[{"embeddable":true,"href":"https:\/\/www.sincomam.org.br\/index.php\/wp-json\/wp\/v2\/media\/43125"}],"wp:attachment":[{"href":"https:\/\/www.sincomam.org.br\/index.php\/wp-json\/wp\/v2\/media?parent=43124"}],"wp:term":[{"taxonomy":"category","embeddable":true,"href":"https:\/\/www.sincomam.org.br\/index.php\/wp-json\/wp\/v2\/categories?post=43124"},{"taxonomy":"post_tag","embeddable":true,"href":"https:\/\/www.sincomam.org.br\/index.php\/wp-json\/wp\/v2\/tags?post=43124"}],"curies":[{"name":"wp","href":"https:\/\/api.w.org\/{rel}","templated":true}]}}