{"id":43106,"date":"2022-12-28T09:29:38","date_gmt":"2022-12-28T12:29:38","guid":{"rendered":"http:\/\/www.sincomam.org.br\/?p=43106"},"modified":"2022-12-28T09:29:38","modified_gmt":"2022-12-28T12:29:38","slug":"saude-deve-ampliar-vacinacao-de-criancas-contra-covid-19","status":"publish","type":"post","link":"https:\/\/www.sincomam.org.br\/index.php\/saude-deve-ampliar-vacinacao-de-criancas-contra-covid-19\/","title":{"rendered":"Sa\u00fade deve ampliar vacina\u00e7\u00e3o de crian\u00e7as contra covid-19"},"content":{"rendered":"<p>O Minist\u00e9rio da Sa\u00fade deve liberar nos pr\u00f3ximos dias autoriza\u00e7\u00e3o para\u00a0vacina\u00e7\u00e3o de crian\u00e7as de seis meses a 4 anos com imunizante da Pfizer contra a covid-19. At\u00e9 ent\u00e3o, o governo federal havia distribu\u00eddo as primeiras doses apenas para as\u00a0crian\u00e7as de 6 meses a 2 anos e 11 meses\u00a0que tivessem alguma\u00a0comorbidade.<img decoding=\"async\" src=\"https:\/\/agenciabrasil.ebc.com.br\/ebc.png?id=1500155&amp;o=node\" \/><img decoding=\"async\" src=\"https:\/\/agenciabrasil.ebc.com.br\/ebc.gif?id=1500155&amp;o=node\" \/><\/p>\n<p>De acordo com a pasta, a recomenda\u00e7\u00e3o passar\u00e1 a valer a partir da publica\u00e7\u00e3o do parecer t\u00e9cnico da Comiss\u00e3o Nacional de Incorpora\u00e7\u00e3o de Tecnologias no SUS (Conitec) e de uma portaria da Secretaria de Ci\u00eancia, Tecnologia e Insumos Estrat\u00e9gicos do minist\u00e9rio.<\/p>\n<h2>Vacinas bivalentes<\/h2>\n<p>No\u00a0domingo\u00a0(25), foram entregues 2,8 milh\u00f5es de doses de vacina bivalente BA.4\/BA, que protege contra a a cepa original e duas subvariantes \u00f4micron.<\/p>\n<p>As ampolas ser\u00e3o distribu\u00eddas ap\u00f3s passarem por an\u00e1lise do Instituto Nacional de Controle de Qualidade em Sa\u00fade.<\/p>\n<p>Fonte: Ag\u00eancia Brasil<\/p>\n","protected":false},"excerpt":{"rendered":"<p>O Minist\u00e9rio da Sa\u00fade deve liberar nos pr\u00f3ximos dias autoriza\u00e7\u00e3o para\u00a0vacina\u00e7\u00e3o de crian\u00e7as de seis meses a 4 anos com imunizante da Pfizer contra a&#8230;<\/p>\n","protected":false},"author":1527,"featured_media":43107,"comment_status":"closed","ping_status":"closed","sticky":false,"template":"","format":"standard","meta":{"footnotes":""},"categories":[6],"tags":[],"class_list":["post-43106","post","type-post","status-publish","format-standard","has-post-thumbnail","hentry","category-noticias"],"_links":{"self":[{"href":"https:\/\/www.sincomam.org.br\/index.php\/wp-json\/wp\/v2\/posts\/43106","targetHints":{"allow":["GET"]}}],"collection":[{"href":"https:\/\/www.sincomam.org.br\/index.php\/wp-json\/wp\/v2\/posts"}],"about":[{"href":"https:\/\/www.sincomam.org.br\/index.php\/wp-json\/wp\/v2\/types\/post"}],"author":[{"embeddable":true,"href":"https:\/\/www.sincomam.org.br\/index.php\/wp-json\/wp\/v2\/users\/1527"}],"replies":[{"embeddable":true,"href":"https:\/\/www.sincomam.org.br\/index.php\/wp-json\/wp\/v2\/comments?post=43106"}],"version-history":[{"count":1,"href":"https:\/\/www.sincomam.org.br\/index.php\/wp-json\/wp\/v2\/posts\/43106\/revisions"}],"predecessor-version":[{"id":43108,"href":"https:\/\/www.sincomam.org.br\/index.php\/wp-json\/wp\/v2\/posts\/43106\/revisions\/43108"}],"wp:featuredmedia":[{"embeddable":true,"href":"https:\/\/www.sincomam.org.br\/index.php\/wp-json\/wp\/v2\/media\/43107"}],"wp:attachment":[{"href":"https:\/\/www.sincomam.org.br\/index.php\/wp-json\/wp\/v2\/media?parent=43106"}],"wp:term":[{"taxonomy":"category","embeddable":true,"href":"https:\/\/www.sincomam.org.br\/index.php\/wp-json\/wp\/v2\/categories?post=43106"},{"taxonomy":"post_tag","embeddable":true,"href":"https:\/\/www.sincomam.org.br\/index.php\/wp-json\/wp\/v2\/tags?post=43106"}],"curies":[{"name":"wp","href":"https:\/\/api.w.org\/{rel}","templated":true}]}}