{"id":43088,"date":"2022-12-27T01:35:06","date_gmt":"2022-12-27T04:35:06","guid":{"rendered":"http:\/\/www.sincomam.org.br\/?p=43088"},"modified":"2022-12-27T01:35:06","modified_gmt":"2022-12-27T04:35:06","slug":"policia-federal-anuncia-normalizacao-na-emissao-de-passaportes","status":"publish","type":"post","link":"https:\/\/www.sincomam.org.br\/index.php\/policia-federal-anuncia-normalizacao-na-emissao-de-passaportes\/","title":{"rendered":"Pol\u00edcia Federal anuncia normaliza\u00e7\u00e3o na emiss\u00e3o de passaportes"},"content":{"rendered":"<p>A Pol\u00edcia Federal (PF) informou que a emiss\u00e3o de passaportes est\u00e1 sendo normalizada. De acordo com a corpora\u00e7\u00e3o, a distribui\u00e7\u00e3o dos documentos cuja demanda estava represada desde o in\u00edcio do m\u00eas j\u00e1 foi iniciada. Na semana passada, a PF chegou a informar que 108.701 pessoas aguardavam para receber o passaporte.<\/p>\n<p>A entrega ser\u00e1 gradual. Os requerentes precisam consultar o status da solicita\u00e7\u00e3o no portal eletr\u00f4nico da PF e dever\u00e3o se dirigir ao posto quando estiver constando que o passaporte est\u00e1 dispon\u00edvel.<\/p>\n<p>De acordo com nota divulgada pela PF, os atendimentos de novos pedidos seguem sem altera\u00e7\u00f5es em todo o pa\u00eds. &#8220;Os prazos de entrega ser\u00e3o normalizados t\u00e3o logo as solicita\u00e7\u00f5es anteriores tenham sido processadas&#8221;, informa o texto.<\/p>\n<p>A confec\u00e7\u00e3o dos passaportes foi suspensa pela primeira vez no dia 19 de novembro por falta de recursos. Na semana seguinte, o governo federal remanejou R$ 37,36 milh\u00f5es do Fundo Nacional de Desenvolvimento Cient\u00edfico e Tecnol\u00f3gico para a reativa\u00e7\u00e3o do servi\u00e7o. Mas esse montante s\u00f3 foi suficiente para atender a produ\u00e7\u00e3o dos documentos solicitados at\u00e9 o dia 30 de novembro, culminando em uma nova suspens\u00e3o em 1\u00ba de dezembro.<\/p>\n<p>O passaporte \u00e9 um documento que comprova a identidade do viajante. Nele, s\u00e3o registradas as entradas e sa\u00eddas do pa\u00eds, al\u00e9m de vistos e autoriza\u00e7\u00f5es. Para obter o documento, \u00e9 preciso pagar uma taxa de R$ 257,25.  O valor arrecadado, no entanto, n\u00e3o \u00e9 administrado pela PF, pois os recursos s\u00e3o encaminhados para a conta do Tesouro Nacional.<\/p>\n<p>Fonte: Ag\u00eancia Brasil<\/p>\n","protected":false},"excerpt":{"rendered":"<p>A Pol\u00edcia Federal (PF) informou que a emiss\u00e3o de passaportes est\u00e1 sendo normalizada. De acordo com a corpora\u00e7\u00e3o, a distribui\u00e7\u00e3o dos documentos cuja demanda estava&#8230;<\/p>\n","protected":false},"author":1527,"featured_media":43089,"comment_status":"closed","ping_status":"closed","sticky":false,"template":"","format":"standard","meta":{"footnotes":""},"categories":[6],"tags":[],"class_list":["post-43088","post","type-post","status-publish","format-standard","has-post-thumbnail","hentry","category-noticias"],"_links":{"self":[{"href":"https:\/\/www.sincomam.org.br\/index.php\/wp-json\/wp\/v2\/posts\/43088","targetHints":{"allow":["GET"]}}],"collection":[{"href":"https:\/\/www.sincomam.org.br\/index.php\/wp-json\/wp\/v2\/posts"}],"about":[{"href":"https:\/\/www.sincomam.org.br\/index.php\/wp-json\/wp\/v2\/types\/post"}],"author":[{"embeddable":true,"href":"https:\/\/www.sincomam.org.br\/index.php\/wp-json\/wp\/v2\/users\/1527"}],"replies":[{"embeddable":true,"href":"https:\/\/www.sincomam.org.br\/index.php\/wp-json\/wp\/v2\/comments?post=43088"}],"version-history":[{"count":1,"href":"https:\/\/www.sincomam.org.br\/index.php\/wp-json\/wp\/v2\/posts\/43088\/revisions"}],"predecessor-version":[{"id":43090,"href":"https:\/\/www.sincomam.org.br\/index.php\/wp-json\/wp\/v2\/posts\/43088\/revisions\/43090"}],"wp:featuredmedia":[{"embeddable":true,"href":"https:\/\/www.sincomam.org.br\/index.php\/wp-json\/wp\/v2\/media\/43089"}],"wp:attachment":[{"href":"https:\/\/www.sincomam.org.br\/index.php\/wp-json\/wp\/v2\/media?parent=43088"}],"wp:term":[{"taxonomy":"category","embeddable":true,"href":"https:\/\/www.sincomam.org.br\/index.php\/wp-json\/wp\/v2\/categories?post=43088"},{"taxonomy":"post_tag","embeddable":true,"href":"https:\/\/www.sincomam.org.br\/index.php\/wp-json\/wp\/v2\/tags?post=43088"}],"curies":[{"name":"wp","href":"https:\/\/api.w.org\/{rel}","templated":true}]}}