{"id":43063,"date":"2022-12-26T10:02:44","date_gmt":"2022-12-26T13:02:44","guid":{"rendered":"http:\/\/www.sincomam.org.br\/?p=43063"},"modified":"2022-12-26T10:02:44","modified_gmt":"2022-12-26T13:02:44","slug":"inflacao-juros-e-o-voo-da-galinha-veja-em-8-graficos-a-retrospectiva-da-economia-brasileira-em-2022","status":"publish","type":"post","link":"https:\/\/www.sincomam.org.br\/index.php\/inflacao-juros-e-o-voo-da-galinha-veja-em-8-graficos-a-retrospectiva-da-economia-brasileira-em-2022\/","title":{"rendered":"Infla\u00e7\u00e3o, juros e o voo da galinha: veja, em 8 gr\u00e1ficos, a retrospectiva da economia brasileira em 2022"},"content":{"rendered":"<p>Recorde nas contas p\u00fablicas, juros em disparada. Desemprego em queda, rendimento tamb\u00e9m. E infla\u00e7\u00e3o, muita infla\u00e7\u00e3o.<\/p>\n<p>Em 2022, os n\u00fameros n\u00e3o deram tr\u00e9gua aos brasileiros. Mesmo os que melhoraram ainda n\u00e3o trouxeram muito al\u00edvio \u00e0 popula\u00e7\u00e3o, especialmente a de renda mais baixa.<\/p>\n<p>Se em 2020 a pandemia da Covid-19 fez tombar a economia, e em 2021 a recupera\u00e7\u00e3o surpreendeu, 2022 foi o ano em que os velhos problemas voltaram com novas caras. O Brasil retomou sua trajet\u00f3ria de crescimento econ\u00f4mico em voo de galinha (saltos baixos e curtos), viu a infla\u00e7\u00e3o voltar a assustar, e o emprego crescer de forma prec\u00e1ria.<\/p>\n<p>Verdade seja dita, n\u00e3o foi s\u00f3 o Brasil que sofreu \u2013 embora tenha sofrido mais que boa parte dos pa\u00edses: a infla\u00e7\u00e3o, nossa velha conhecida, ganhou ares globais; os juros deslancharam em quase todo o mundo, e a estagna\u00e7\u00e3o econ\u00f4mica est\u00e1 \u00e0s portas das economias desenvolvidas.<\/p>\n<p>Os maiores culpados? A pandemia, que desarranjou a economia global; a guerra na Ucr\u00e2nia, que levou a entraves comerciais entre a R\u00fassia e boa parte do mundo; e as medidas radicais de conten\u00e7\u00e3o da Covid na China, que paralisaram parte da produ\u00e7\u00e3o da segunda maior economia do mundo.<\/p>\n<p>Aqui, no nosso quintal, d\u00e1 para apontar o dedo ainda para a crise institucional agravada pelo governo Jair Bolsonaro, que minou a confian\u00e7a dos investidores e piorou a imagem internacional do Brasil.<\/p>\n<p><strong>Infla\u00e7\u00e3o<\/strong><br \/>\nSobrou m\u00eas para os sal\u00e1rios dos brasileiros em 2022. A escalada de pre\u00e7os, que come\u00e7ou ainda no ano anterior, at\u00e9 pareceu que iria dar tr\u00e9gua em janeiro \u2013 mas a\u00ed veio a guerra na Ucr\u00e2nia, puxando altas nos alimentos e no petr\u00f3leo, e os n\u00fameros desandaram.<\/p>\n<p>Em abril, o \u00cdndice de Pre\u00e7os ao Consumidor (IPCA) bateu em 12,13% \u2013 a maior taxa para um per\u00edodo de 12 meses desde 2003. O al\u00edvio, mesmo, veio s\u00f3 no segundo semestre, quando cortes de impostos baixaram &#8216;na marra&#8217; os pre\u00e7os nas bombas.<\/p>\n<p><strong>Gasolina<\/strong><br \/>\nA gasolina foi a &#8216;vil\u00e3&#8217; dos pre\u00e7os no ano \u2013 mas tamb\u00e9m serviu de bode expiat\u00f3rio.<\/p>\n<p>Se em 2021 o pre\u00e7o m\u00e9dio do litro passou dos R$ 5, este ano teve quem pagasse mais de R$ 10 por ele. A guerra na Ucr\u00e2nia e as medidas de retalia\u00e7\u00e3o contra a R\u00fassia pela invas\u00e3o mexeram com o mercado \u2013 e o que j\u00e1 estava dif\u00edcil ficou ainda pior com uma &#8216;m\u00e3ozinha&#8217; da Opep, o cartel dos pa\u00edses produtores, que recusou aumentar a produ\u00e7\u00e3o para segurar os pre\u00e7os.<\/p>\n<p>Muita infla\u00e7\u00e3o originada num \u00fanico item, no entanto, \u00e9 um facilitador na hora de combater a alta de pre\u00e7os, e o governo Bolsonaro centrou fogo ali para aliviar a press\u00e3o p\u00fablica em ano eleitoral. Tributos federais foram cortados, e uma lei reduziu o Imposto sobre Circula\u00e7\u00e3o de Mercadorias e Servi\u00e7os (ICMS) cobrados pelos estados sobre os combust\u00edveis.<\/p>\n<p>Em meados do segundo semestre, temores de uma recess\u00e3o global cresceram, e os pre\u00e7os internacionais do petr\u00f3leo tamb\u00e9m perderam for\u00e7a, colaborando para manter a gasolina sob controle.<\/p>\n<p>Na virada do ano, no entanto, esse cen\u00e1rio pode mudar, j\u00e1 que isen\u00e7\u00e3o dos impostos federais expira caso n\u00e3o seja prorrogada pelo novo governo.<\/p>\n<p><strong>Alimentos<\/strong><br \/>\nSe a gasolina aliviou as contas dos brasileiros, nas prateleiras dos supermercados a vida n\u00e3o ficou mais f\u00e1cil \u2013 e quem sofre s\u00e3o os consumidores de renda mais baixa, para quem os alimentos t\u00eam maior peso no or\u00e7amento.<\/p>\n<p>A comida nunca esteve t\u00e3o cara quanto em 2022, tanto por aqui quanto em todo o mundo. Parte da &#8216;culpa&#8217; tamb\u00e9m \u00e9 da guerra na Ucr\u00e2nia: a R\u00fassia \u2013 que vem sofrendo san\u00e7\u00f5es pela invas\u00e3o \u2013 \u00e9 um dos maiores produtores globais de fertilizantes.<\/p>\n<p>Mas a press\u00e3o sobre os pre\u00e7os \u00e9 vem tamb\u00e9m do clima, que prejudicou safras de alguns pa\u00edses exportadores de alimentos, e da pandemia, que desorganizou a cadeia de produ\u00e7\u00e3o agr\u00edcola. Como resultado, a infla\u00e7\u00e3o dos alimentos no Brasil era, em novembro, quase o dobro da registrada pelo IPCA geral.<\/p>\n<p><strong>Juros<\/strong><br \/>\nN\u00e3o foi s\u00f3 o governo federal que agiu durante o ano para controlar os pre\u00e7os: o Banco Central fez sua parte, e subiu sem d\u00f3 a taxa b\u00e1sica de juros da economia.<\/p>\n<p>A Selic j\u00e1 come\u00e7ou 2022 bem acima do piso de 2% registrado dois anos antes \u2013 mas escalou at\u00e9 atingiu os 13,75%, a maior taxa desde 2016 e o segundo maior juro real do mundo.<\/p>\n<p>Subir os juros \u00e9 o rem\u00e9dio mais conhecido para combater a infla\u00e7\u00e3o: ao encarecer o cr\u00e9dito e aumentar o rendimento das aplica\u00e7\u00f5es financeiras, incentiva a poupan\u00e7a e reduz o consumo \u2013 e, seguindo a lei da oferta e da procura, quanto menos demanda, menores os pre\u00e7os.<\/p>\n<p>S\u00f3 que o rem\u00e9dio \u00e9 amargo: consumo fraco e investimento baixo tamb\u00e9m reduzem o crescimento da economia, e fazem o PIB estancar.<\/p>\n<p><strong>D\u00f3lar<\/strong><br \/>\nO d\u00f3lar tamb\u00e9m deu uma forcinha para conter a disparada da infla\u00e7\u00e3o este ano. Depois de assustar e bater os R$ 6 em 2021, a moeda entrou o ano em trajet\u00f3ria de queda, e chegou a cair a R$ 4,60 em abril.<\/p>\n<p>A disparada da infla\u00e7\u00e3o em todo o mundo fez a cota\u00e7\u00e3o voltar a subir, acompanhando a alta de juros no exterior \u2013 conforme os juros sobem em pa\u00edses considerados &#8216;bom pagadores&#8217;, como Estados Unidos e pa\u00edses europeus, a tend\u00eancia \u00e9 que a moeda &#8216;fuja&#8217; para esses locais, fazendo a cota\u00e7\u00e3o subir aqui dentro (quanto menor a oferta de d\u00f3lares, maior o pre\u00e7o).<\/p>\n<p>A partir de julho, no entanto, com a estabiliza\u00e7\u00e3o da trajet\u00f3ria de infla\u00e7\u00e3o l\u00e1 fora, o d\u00f3lar aqui dentro tamb\u00e9m se firmou ao redor dos R$ 5,20 \u2013 embora a elei\u00e7\u00e3o de Luiz In\u00e1cio Lula da Silva tenha &#8216;chacoalhado&#8217; um pouco essa tend\u00eancia.<\/p>\n<p><strong>PIB<\/strong><br \/>\nO crescimento econ\u00f4mico brasileiro come\u00e7ou 2022 forte, ainda sob efeito da recupera\u00e7\u00e3o do ano, mas foi perdendo f\u00f4lego ao longo do ano. O Produto Interno Bruto (PIB) caminha para acumular alta de 3% no ano.<\/p>\n<p>A ajuda para o crescimento tamb\u00e9m veio dos diversos aux\u00edlios distribu\u00eddos pelo governo em ano eleitoral: o Aux\u00edlio Brasil &#8216;vitaminado&#8217; para R$ 600, a duplica\u00e7\u00e3o do valor do aux\u00edlio g\u00e1s, e as ajudas para caminhoneiros e taxistas \u2013 medidas programadas para chegarem ao fim agora em dezembro.<\/p>\n<p>Mesmo com as medidas, a infla\u00e7\u00e3o e a alta dos juros pesaram sobre a atividade, que foi perdendo for\u00e7a ao longo dos trimestres \u2013 e deve ter um crescimento de poucos d\u00e9cimos nos \u00faltimos tr\u00eas meses do ano (os dados devem ser divulgados em mar\u00e7o de 2023).<\/p>\n<p>Sem os aux\u00edlios extras \u2013 e afetado pela desacelera\u00e7\u00e3o global \u2013 o cen\u00e1rio aponta para um 2024 de estagna\u00e7\u00e3o.<\/p>\n<p><strong>Desemprego<\/strong><br \/>\nOs dados do desemprego trouxeram not\u00edcias desencontradas para a economia brasileira. A recupera\u00e7\u00e3o econ\u00f4mica trouxe de volta o trabalho para os brasileiros, e a taxa de desocupa\u00e7\u00e3o entrou em queda ainda no primeiro semestre.<\/p>\n<p>Mas a qualidade do trabalho seguiu (bem) ruim. No trimestre encerrado em outubro, quatro em cada dez trabalhadores era informal \u2013 quase 40 milh\u00f5es de pessoas. Com isso, o rendimento cresceu pouco ao longo do ano: o trabalhador brasileiro recebeu, em m\u00e9dia, R$ 2.754 em outubro, segundo dados do IBGE.<\/p>\n<p><strong>Contas p\u00fablicas<\/strong><br \/>\nA recupera\u00e7\u00e3o da economia trouxe de volta o super\u00e1vit \u00e0s contas p\u00fablicas. Juntos, governo federal, estados, munic\u00edpios e estatais arrecadaram mais do que gastaram no ano \u2013 mais precisamente, R$ 157,9 bilh\u00f5es a mais, entre janeiro e outubro (sem contar as despesas com juros).<\/p>\n<p>A infla\u00e7\u00e3o, que castigou a popula\u00e7\u00e3o, deu uma boa for\u00e7a \u00e0s contas do governo, e impulsionou esse super\u00e1vit. A l\u00f3gica \u00e9 que, quanto maior o pre\u00e7o dos produtos e servi\u00e7os, maior \u00e9 a arrecada\u00e7\u00e3o de tributos e impostos \u2013 que s\u00e3o, em grande parte, uma porcentagem aplicada sobre os pre\u00e7os pagos. Considerando uma tributa\u00e7\u00e3o de 10% sobre o pre\u00e7o de venda de um determinado produto, se o pre\u00e7o sobe de R$ 100 para R$ 110 a fatia que vai para os cofres do governo sobe de R$ 10 para R$ 11.<\/p>\n<p>Mas o arrefecimento da infla\u00e7\u00e3o e a desacelera\u00e7\u00e3o da economia podem complicar esse cen\u00e1rio para 2023, e o pr\u00f3ximo governo ter\u00e1 que encontrar novas fontes de arrecada\u00e7\u00e3o para pagar os benef\u00edcios sociais \u2013 e para recompor o or\u00e7amento da sa\u00fade e da educa\u00e7\u00e3o, esvaziados no governo atual.<\/p>\n<p>Fonte: G1<\/p>\n","protected":false},"excerpt":{"rendered":"<p>Recorde nas contas p\u00fablicas, juros em disparada. Desemprego em queda, rendimento tamb\u00e9m. E infla\u00e7\u00e3o, muita infla\u00e7\u00e3o. Em 2022, os n\u00fameros n\u00e3o deram tr\u00e9gua aos brasileiros&#8230;.<\/p>\n","protected":false},"author":1527,"featured_media":18006,"comment_status":"closed","ping_status":"closed","sticky":false,"template":"","format":"standard","meta":{"footnotes":""},"categories":[6],"tags":[],"class_list":["post-43063","post","type-post","status-publish","format-standard","has-post-thumbnail","hentry","category-noticias"],"_links":{"self":[{"href":"https:\/\/www.sincomam.org.br\/index.php\/wp-json\/wp\/v2\/posts\/43063","targetHints":{"allow":["GET"]}}],"collection":[{"href":"https:\/\/www.sincomam.org.br\/index.php\/wp-json\/wp\/v2\/posts"}],"about":[{"href":"https:\/\/www.sincomam.org.br\/index.php\/wp-json\/wp\/v2\/types\/post"}],"author":[{"embeddable":true,"href":"https:\/\/www.sincomam.org.br\/index.php\/wp-json\/wp\/v2\/users\/1527"}],"replies":[{"embeddable":true,"href":"https:\/\/www.sincomam.org.br\/index.php\/wp-json\/wp\/v2\/comments?post=43063"}],"version-history":[{"count":1,"href":"https:\/\/www.sincomam.org.br\/index.php\/wp-json\/wp\/v2\/posts\/43063\/revisions"}],"predecessor-version":[{"id":43064,"href":"https:\/\/www.sincomam.org.br\/index.php\/wp-json\/wp\/v2\/posts\/43063\/revisions\/43064"}],"wp:featuredmedia":[{"embeddable":true,"href":"https:\/\/www.sincomam.org.br\/index.php\/wp-json\/wp\/v2\/media\/18006"}],"wp:attachment":[{"href":"https:\/\/www.sincomam.org.br\/index.php\/wp-json\/wp\/v2\/media?parent=43063"}],"wp:term":[{"taxonomy":"category","embeddable":true,"href":"https:\/\/www.sincomam.org.br\/index.php\/wp-json\/wp\/v2\/categories?post=43063"},{"taxonomy":"post_tag","embeddable":true,"href":"https:\/\/www.sincomam.org.br\/index.php\/wp-json\/wp\/v2\/tags?post=43063"}],"curies":[{"name":"wp","href":"https:\/\/api.w.org\/{rel}","templated":true}]}}