{"id":43021,"date":"2022-12-22T12:38:14","date_gmt":"2022-12-22T15:38:14","guid":{"rendered":"http:\/\/www.sincomam.org.br\/?p=43021"},"modified":"2022-12-22T12:38:14","modified_gmt":"2022-12-22T15:38:14","slug":"antaq-aprova-calendario-das-reunioes-ordinarias-de-diretoria-do-1o-semestre-de-2023","status":"publish","type":"post","link":"https:\/\/www.sincomam.org.br\/index.php\/antaq-aprova-calendario-das-reunioes-ordinarias-de-diretoria-do-1o-semestre-de-2023\/","title":{"rendered":"ANTAQ aprova calend\u00e1rio das Reuni\u00f5es Ordin\u00e1rias de Diretoria do 1\u00ba semestre de 2023"},"content":{"rendered":"<p>A Ag\u00eancia Nacional de Transportes Aquavi\u00e1rios (ANTAQ) divulga o calend\u00e1rio de Reuni\u00f5es Ordin\u00e1rias da Diretoria (ROD) referente ao per\u00edodo de janeiro a junho de 2023. As reuni\u00f5es acontecer\u00e3o de forma virtual e telepresencial, sendo a primeira delas entre os dias 16 e 18 de janeiro, a partir das 14h.<\/p>\n<p><a href=\"https:\/\/www.gov.br\/antaq\/pt-br\/acesso-a-informacao\/institucional\/reunioes-deliberativas\/CalendriodeReuniesdaDiretoriaColegiada1semestre.pdf\">Confira o calend\u00e1rio de RODs do 1\u00ba semestre de 2023<\/a><br \/>\nAs RODs virtuais s\u00e3o realizadas via SEI (Sistema Eletr\u00f4nico de Informa\u00e7\u00f5es) e se estende por dois dias (48h, come\u00e7ando \u00e0s 14h de segunda-feira e terminando \u00e0s 14h da quarta-feira). Nesta modalidade, cada diretor se manifesta de forma eletr\u00f4nica nos prazos e hor\u00e1rios estabelecidos no calend\u00e1rio de reuni\u00f5es. Ap\u00f3s a finaliza\u00e7\u00e3o do prazo para manifesta\u00e7\u00e3o, <a href=\"https:\/\/www.gov.br\/antaq\/pt-br\/acesso-a-informacao\/institucional\/reunioes-deliberativas\/resultado-das-reunioes-virtuais-da-diretoria-1\">o resultado das delibera\u00e7\u00f5es<\/a> poder\u00e1 ser consultado no portal da Ag\u00eancia.<\/p>\n<p>J\u00e1 as Reuni\u00f5es Ordin\u00e1rias que acontecem de forma telepresencial s\u00e3o transmitidas ao vivo pelo canal da ANTAQ no<a href=\"https:\/\/www.youtube.com\/c\/CanalANTAQ\"> YouTube<\/a> e permitem a sustenta\u00e7\u00e3o oral por parte de interessados ou de seus representantes, inscritos previamente. Essa modalidade come\u00e7a e termina no mesmo dia, com hor\u00e1rio de in\u00edcio \u00e0s 14h.<\/p>\n<p>Fonte: Assessoria de Comunica\u00e7\u00e3o Social da ANTAQ<\/p>\n","protected":false},"excerpt":{"rendered":"<p>A Ag\u00eancia Nacional de Transportes Aquavi\u00e1rios (ANTAQ) divulga o calend\u00e1rio de Reuni\u00f5es Ordin\u00e1rias da Diretoria (ROD) referente ao per\u00edodo de janeiro a junho de 2023&#8230;.<\/p>\n","protected":false},"author":1527,"featured_media":20206,"comment_status":"closed","ping_status":"closed","sticky":false,"template":"","format":"standard","meta":{"footnotes":""},"categories":[6],"tags":[],"class_list":["post-43021","post","type-post","status-publish","format-standard","has-post-thumbnail","hentry","category-noticias"],"_links":{"self":[{"href":"https:\/\/www.sincomam.org.br\/index.php\/wp-json\/wp\/v2\/posts\/43021","targetHints":{"allow":["GET"]}}],"collection":[{"href":"https:\/\/www.sincomam.org.br\/index.php\/wp-json\/wp\/v2\/posts"}],"about":[{"href":"https:\/\/www.sincomam.org.br\/index.php\/wp-json\/wp\/v2\/types\/post"}],"author":[{"embeddable":true,"href":"https:\/\/www.sincomam.org.br\/index.php\/wp-json\/wp\/v2\/users\/1527"}],"replies":[{"embeddable":true,"href":"https:\/\/www.sincomam.org.br\/index.php\/wp-json\/wp\/v2\/comments?post=43021"}],"version-history":[{"count":1,"href":"https:\/\/www.sincomam.org.br\/index.php\/wp-json\/wp\/v2\/posts\/43021\/revisions"}],"predecessor-version":[{"id":43022,"href":"https:\/\/www.sincomam.org.br\/index.php\/wp-json\/wp\/v2\/posts\/43021\/revisions\/43022"}],"wp:featuredmedia":[{"embeddable":true,"href":"https:\/\/www.sincomam.org.br\/index.php\/wp-json\/wp\/v2\/media\/20206"}],"wp:attachment":[{"href":"https:\/\/www.sincomam.org.br\/index.php\/wp-json\/wp\/v2\/media?parent=43021"}],"wp:term":[{"taxonomy":"category","embeddable":true,"href":"https:\/\/www.sincomam.org.br\/index.php\/wp-json\/wp\/v2\/categories?post=43021"},{"taxonomy":"post_tag","embeddable":true,"href":"https:\/\/www.sincomam.org.br\/index.php\/wp-json\/wp\/v2\/tags?post=43021"}],"curies":[{"name":"wp","href":"https:\/\/api.w.org\/{rel}","templated":true}]}}