{"id":42970,"date":"2022-12-20T12:31:27","date_gmt":"2022-12-20T15:31:27","guid":{"rendered":"http:\/\/www.sincomam.org.br\/?p=42970"},"modified":"2022-12-20T12:31:27","modified_gmt":"2022-12-20T15:31:27","slug":"populacao-de-paqueta-exige-volta-da-grade-pre-pandemia-de-horarios-das-barcas","status":"publish","type":"post","link":"https:\/\/www.sincomam.org.br\/index.php\/populacao-de-paqueta-exige-volta-da-grade-pre-pandemia-de-horarios-das-barcas\/","title":{"rendered":"Popula\u00e7\u00e3o de Paquet\u00e1 exige volta da grade pr\u00e9-pandemia de hor\u00e1rios das barcas"},"content":{"rendered":"<p>Os moradores da Ilha de Paquet\u00e1 reivindicam a grade de hor\u00e1rios das barcas que vigorava antes da pandemia de Covid-19, para a retomada do crescimento econ\u00f4mico, tur\u00edstico e social da regi\u00e3o. A reivindica\u00e7\u00e3o \u00e9 dirigida \u00e0 concession\u00e1ria CCR Barcas e ao Governo do Estado, que \u00e9 o poder concedente. Nesta sexta-feira (16), \u00e0s 14h, haver\u00e1 audi\u00eancia p\u00fablica na Assembleia Legislativa do Rio (Alerj) para discutir a quest\u00e3o.<\/p>\n<p>&#8220;S\u00e3o irrecuper\u00e1veis as perdas econ\u00f4micas, do setor tur\u00edstico (principal atividade da Ilha) e outras, nos \u00faltimos tr\u00eas anos. Ent\u00e3o, a popula\u00e7\u00e3o de Paquet\u00e1 pede: Devolvam o hor\u00e1rio que nos foi tirado desde o in\u00edcio da pandemia!&#8221;, reivindica Guto Pires, presidente da Associa\u00e7\u00e3o de Moradores de Paquet\u00e1 (Morena).<\/p>\n<p>A Morena fez em mar\u00e7o um levantamento demonstrativo dos impactos negativos na vida socioecon\u00f4mica da ilha, em virtude dos hor\u00e1rios reduzidos. &#8220;Em resumo, houve perda de 50,6% da receita na economia da ilha e 38% dos postos de trabalho foram perdidos&#8221;, cita Guto.<\/p>\n<p>Segundo o levantamento, o grupo de estabelecimentos voltados para o com\u00e9rcio de vestu\u00e1rio &#038; souvenirs teve a maior perda percentual de receita: 61,7%. Os bares e restaurantes v\u00eam na segunda coloca\u00e7\u00e3o e atingem o patamar de 56,6%% de perda de receita. Pousadas e hot\u00e9is ocupam o terceiro lugar com o \u00edndice de 55% de perdas. Em seguida, transporte em charretes el\u00e9tricas (50%) e mercados e hortifrutis (46%). A perda das bicicletarias &#8211; lojas de consertos e loca\u00e7\u00e3o de bicicletas &#8211; alcan\u00e7ou o \u00edndice de 37%.<\/p>\n<p>Fonte: site Eu Rio<\/p>\n","protected":false},"excerpt":{"rendered":"<p>Os moradores da Ilha de Paquet\u00e1 reivindicam a grade de hor\u00e1rios das barcas que vigorava antes da pandemia de Covid-19, para a retomada do crescimento&#8230;<\/p>\n","protected":false},"author":1527,"featured_media":42971,"comment_status":"closed","ping_status":"closed","sticky":false,"template":"","format":"standard","meta":{"footnotes":""},"categories":[6],"tags":[],"class_list":["post-42970","post","type-post","status-publish","format-standard","has-post-thumbnail","hentry","category-noticias"],"_links":{"self":[{"href":"https:\/\/www.sincomam.org.br\/index.php\/wp-json\/wp\/v2\/posts\/42970","targetHints":{"allow":["GET"]}}],"collection":[{"href":"https:\/\/www.sincomam.org.br\/index.php\/wp-json\/wp\/v2\/posts"}],"about":[{"href":"https:\/\/www.sincomam.org.br\/index.php\/wp-json\/wp\/v2\/types\/post"}],"author":[{"embeddable":true,"href":"https:\/\/www.sincomam.org.br\/index.php\/wp-json\/wp\/v2\/users\/1527"}],"replies":[{"embeddable":true,"href":"https:\/\/www.sincomam.org.br\/index.php\/wp-json\/wp\/v2\/comments?post=42970"}],"version-history":[{"count":1,"href":"https:\/\/www.sincomam.org.br\/index.php\/wp-json\/wp\/v2\/posts\/42970\/revisions"}],"predecessor-version":[{"id":42972,"href":"https:\/\/www.sincomam.org.br\/index.php\/wp-json\/wp\/v2\/posts\/42970\/revisions\/42972"}],"wp:featuredmedia":[{"embeddable":true,"href":"https:\/\/www.sincomam.org.br\/index.php\/wp-json\/wp\/v2\/media\/42971"}],"wp:attachment":[{"href":"https:\/\/www.sincomam.org.br\/index.php\/wp-json\/wp\/v2\/media?parent=42970"}],"wp:term":[{"taxonomy":"category","embeddable":true,"href":"https:\/\/www.sincomam.org.br\/index.php\/wp-json\/wp\/v2\/categories?post=42970"},{"taxonomy":"post_tag","embeddable":true,"href":"https:\/\/www.sincomam.org.br\/index.php\/wp-json\/wp\/v2\/tags?post=42970"}],"curies":[{"name":"wp","href":"https:\/\/api.w.org\/{rel}","templated":true}]}}