{"id":42961,"date":"2022-12-20T10:38:54","date_gmt":"2022-12-20T13:38:54","guid":{"rendered":"http:\/\/www.sincomam.org.br\/?p=42961"},"modified":"2022-12-20T10:38:54","modified_gmt":"2022-12-20T13:38:54","slug":"portosrio-filia-se-a-a-associacao-internacional-de-sinalizacao-maritima","status":"publish","type":"post","link":"https:\/\/www.sincomam.org.br\/index.php\/portosrio-filia-se-a-a-associacao-internacional-de-sinalizacao-maritima\/","title":{"rendered":"PortosRio filia-se \u00e0 \u00e0 Associa\u00e7\u00e3o Internacional de Sinaliza\u00e7\u00e3o Mar\u00edtima"},"content":{"rendered":"<p>Em reuni\u00e3o realizada no per\u00edodo de 12 a 16 de dezembro, o Conselho da IALA (sigla inglesa para Associa\u00e7\u00e3o Internacional de Sinaliza\u00e7\u00e3o Mar\u00edtima) ratificou a aprova\u00e7\u00e3o do ingresso da PortosRio Autoridade Portu\u00e1ria na categoria de membro associado. O processo de ades\u00e3o foi iniciado no m\u00eas de setembro, quando a companhia, que administra os Portos do Rio de Janeiro, Niter\u00f3i, Itagua\u00ed e Angra dos Reis, j\u00e1 havia sido aceita provisoriamente pela entidade.<\/p>\n<p>O interesse da PortosRio em ingressar na associa\u00e7\u00e3o foi em fun\u00e7\u00e3o dos projetos em desenvolvimento nos Portos do Rio de Janeiro\/Niter\u00f3i e Itagua\u00ed, em especial a implementa\u00e7\u00e3o do VTMIS (sigla inglesa para Sistema de Gerenciamento e Informa\u00e7\u00e3o do Tr\u00e1fego de Embarca\u00e7\u00f5es), cuja primeira etapa \u2014 ativa\u00e7\u00e3o de Local Port Services (LPS) \u2014 est\u00e1 em curso e deve ser conclu\u00edda no 1\u00b0 trimestre de 2023. O gestor de VTMIS da PortosRio, Marcelo Villas-B\u00f4as, ressaltou que \u201ca participa\u00e7\u00e3o na IALA \u00e9 importante para a ado\u00e7\u00e3o das melhores pr\u00e1ticas relacionadas aos aux\u00edlios \u00e0 navega\u00e7\u00e3o e, portanto, para o sucesso do projeto no complexo portu\u00e1rio fluminense\u201d.<\/p>\n<p>A IALA possui uma vertente dedicada \u00e0 forma\u00e7\u00e3o, treinamento e certifica\u00e7\u00e3o do pessoal que atua nas atividades relacionadas aos aux\u00edlios \u00e0 navega\u00e7\u00e3o em geral, incluindo os VTS (sigla inglesa para Vessel Traffic Services). Al\u00e9m disso, Villas B\u00f4as destacou os comit\u00eas da IALA, que s\u00e3o uma autoridade global na \u00e1rea de navega\u00e7\u00e3o, por meio de especialistas de diversos pa\u00edses: \u201cComo membro associado, poderemos participar do programa dos comit\u00eas da IALA, que desenvolvem um trabalho que serve de fonte de conhecimentos t\u00e9cnicos no \u00e2mbito dos Aux\u00edlios \u00e0 Navega\u00e7\u00e3o. Esses comit\u00eas elaboram e revisam documentos de orienta\u00e7\u00e3o t\u00e9cnica pelos quais a IALA \u00e9 mundialmente reconhecida\u201d.<\/p>\n<p>VTMIS \u2013 O sistema de aux\u00edlio eletr\u00f4nico \u00e0 navega\u00e7\u00e3o monitora o tr\u00e1fego aquavi\u00e1rio com o objetivo de elevar os n\u00edveis de seguran\u00e7a da navega\u00e7\u00e3o e da vida humana no mar e a prote\u00e7\u00e3o ao meio ambiente, nas \u00e1reas em que h\u00e1 intensa movimenta\u00e7\u00e3o de embarca\u00e7\u00f5es. Al\u00e9m de reduzir os riscos de ocorr\u00eancia de incidentes nas opera\u00e7\u00f5es portu\u00e1rias, o VTMIS busca maior efici\u00eancia na movimenta\u00e7\u00e3o de cargas, otimiza\u00e7\u00e3o dos recursos e da infraestrutura e a organiza\u00e7\u00e3o do tr\u00e1fego aquavi\u00e1rio na \u00e1rea portu\u00e1ria, canais de acesso e fundeadouros.<\/p>\n<p>Sobre a IALA \u2013 A associa\u00e7\u00e3o t\u00e9cnica internacional, sem fins lucrativos, foi fundada em 1957 e re\u00fane autoridades mar\u00edtimas, fabricantes, consultores, institutos cient\u00edficos e de treinamento de todas as partes do mundo, oferecendo a oportunidade de permuta e compartilhamento de experi\u00eancias e conquistas. O objetivo da entidade \u00e9 fomentar o movimento seguro, econ\u00f4mico e eficiente das embarca\u00e7\u00f5es, por meio da melhoria e harmoniza\u00e7\u00e3o dos aux\u00edlios \u00e0 navega\u00e7\u00e3o em todo o mundo, em benef\u00edcio da comunidade mar\u00edtima e da prote\u00e7\u00e3o ao meio ambiente.<\/p>\n<p>Fonte: Portos e Navios<\/p>\n","protected":false},"excerpt":{"rendered":"<p>Em reuni\u00e3o realizada no per\u00edodo de 12 a 16 de dezembro, o Conselho da IALA (sigla inglesa para Associa\u00e7\u00e3o Internacional de Sinaliza\u00e7\u00e3o Mar\u00edtima) ratificou a&#8230;<\/p>\n","protected":false},"author":1527,"featured_media":42962,"comment_status":"closed","ping_status":"closed","sticky":false,"template":"","format":"standard","meta":{"footnotes":""},"categories":[6],"tags":[],"class_list":["post-42961","post","type-post","status-publish","format-standard","has-post-thumbnail","hentry","category-noticias"],"_links":{"self":[{"href":"https:\/\/www.sincomam.org.br\/index.php\/wp-json\/wp\/v2\/posts\/42961","targetHints":{"allow":["GET"]}}],"collection":[{"href":"https:\/\/www.sincomam.org.br\/index.php\/wp-json\/wp\/v2\/posts"}],"about":[{"href":"https:\/\/www.sincomam.org.br\/index.php\/wp-json\/wp\/v2\/types\/post"}],"author":[{"embeddable":true,"href":"https:\/\/www.sincomam.org.br\/index.php\/wp-json\/wp\/v2\/users\/1527"}],"replies":[{"embeddable":true,"href":"https:\/\/www.sincomam.org.br\/index.php\/wp-json\/wp\/v2\/comments?post=42961"}],"version-history":[{"count":1,"href":"https:\/\/www.sincomam.org.br\/index.php\/wp-json\/wp\/v2\/posts\/42961\/revisions"}],"predecessor-version":[{"id":42963,"href":"https:\/\/www.sincomam.org.br\/index.php\/wp-json\/wp\/v2\/posts\/42961\/revisions\/42963"}],"wp:featuredmedia":[{"embeddable":true,"href":"https:\/\/www.sincomam.org.br\/index.php\/wp-json\/wp\/v2\/media\/42962"}],"wp:attachment":[{"href":"https:\/\/www.sincomam.org.br\/index.php\/wp-json\/wp\/v2\/media?parent=42961"}],"wp:term":[{"taxonomy":"category","embeddable":true,"href":"https:\/\/www.sincomam.org.br\/index.php\/wp-json\/wp\/v2\/categories?post=42961"},{"taxonomy":"post_tag","embeddable":true,"href":"https:\/\/www.sincomam.org.br\/index.php\/wp-json\/wp\/v2\/tags?post=42961"}],"curies":[{"name":"wp","href":"https:\/\/api.w.org\/{rel}","templated":true}]}}