{"id":42949,"date":"2022-12-19T13:47:36","date_gmt":"2022-12-19T16:47:36","guid":{"rendered":"http:\/\/www.sincomam.org.br\/?p=42949"},"modified":"2022-12-19T13:48:13","modified_gmt":"2022-12-19T16:48:13","slug":"concurso-para-fuzileiro-naval-tem-1-080-vagas-no-edital","status":"publish","type":"post","link":"https:\/\/www.sincomam.org.br\/index.php\/concurso-para-fuzileiro-naval-tem-1-080-vagas-no-edital\/","title":{"rendered":"Concurso para Fuzileiro Naval tem 1.080 vagas no edital"},"content":{"rendered":"<p>A Marinha do Brasil divulgou edital de abertura do\u00a0concurso fuzileiros navais 2023. A sele\u00e7\u00e3o ter\u00e1 a oferta de 1.080 vagas de n\u00edvel m\u00e9dio,\u00a0distribu\u00eddas entre candidatos do sexo masculino e feminino para forma\u00e7\u00e3o em 2024.<\/p>\n<p>O concurso visa \u00e0\u00a0admiss\u00e3o ao Curso de Soldados Fuzileiros Navais (C-FSD-FN) por meio de duas turmas I\/2024\u00a0e II\/2024. Veja todos os detalhes da sele\u00e7\u00e3o no edital a seguir:<\/p>\n<p><a href=\"https:\/\/www.in.gov.br\/web\/dou\/-\/edital-de-12-de-dezembro-de-2022-451600942\" target=\"_blank\" rel=\"noopener\">https:\/\/www.in.gov.br\/web\/dou\/-\/edital-de-12-de-dezembro-de-2022-451600942<\/a><\/p>\n<div class=\"MuiGrid-root MuiGrid-item\">\n<p>Al\u00e9m do requisito de n\u00edvel m\u00e9dio, os interessados precisam\u00a0ter 18 (dezoito) anos completos e menos de 22 (vinte e dois) anos de idade no dia 30 do m\u00eas de junho de 2024 e\u00a0ter altura m\u00ednima de 1,54m e m\u00e1xima de 2,00m.<\/p>\n<p>As demais exig\u00eancias est\u00e3o listadas no edital no iten 2.1.<\/p>\n<p>As inscri\u00e7\u00f5es ser\u00e3o aceitas a partir do dia 16 de janeiro. O prazo ficar\u00e1 aberto at\u00e9 o dia 2 de mar\u00e7o, no site da Marinha. A taxa \u00e9 de R$40.<\/p>\n<p>A data do Exame de Escolaridade ainda ser\u00e1 definida.<\/p>\n<p>Fonte: Defesa em Foco<\/p>\n<\/div>\n","protected":false},"excerpt":{"rendered":"<p>A Marinha do Brasil divulgou edital de abertura do\u00a0concurso fuzileiros navais 2023. A sele\u00e7\u00e3o ter\u00e1 a oferta de 1.080 vagas de n\u00edvel m\u00e9dio,\u00a0distribu\u00eddas entre candidatos&#8230;<\/p>\n","protected":false},"author":1527,"featured_media":42950,"comment_status":"closed","ping_status":"closed","sticky":false,"template":"","format":"standard","meta":{"footnotes":""},"categories":[6],"tags":[],"class_list":["post-42949","post","type-post","status-publish","format-standard","has-post-thumbnail","hentry","category-noticias"],"_links":{"self":[{"href":"https:\/\/www.sincomam.org.br\/index.php\/wp-json\/wp\/v2\/posts\/42949","targetHints":{"allow":["GET"]}}],"collection":[{"href":"https:\/\/www.sincomam.org.br\/index.php\/wp-json\/wp\/v2\/posts"}],"about":[{"href":"https:\/\/www.sincomam.org.br\/index.php\/wp-json\/wp\/v2\/types\/post"}],"author":[{"embeddable":true,"href":"https:\/\/www.sincomam.org.br\/index.php\/wp-json\/wp\/v2\/users\/1527"}],"replies":[{"embeddable":true,"href":"https:\/\/www.sincomam.org.br\/index.php\/wp-json\/wp\/v2\/comments?post=42949"}],"version-history":[{"count":1,"href":"https:\/\/www.sincomam.org.br\/index.php\/wp-json\/wp\/v2\/posts\/42949\/revisions"}],"predecessor-version":[{"id":42951,"href":"https:\/\/www.sincomam.org.br\/index.php\/wp-json\/wp\/v2\/posts\/42949\/revisions\/42951"}],"wp:featuredmedia":[{"embeddable":true,"href":"https:\/\/www.sincomam.org.br\/index.php\/wp-json\/wp\/v2\/media\/42950"}],"wp:attachment":[{"href":"https:\/\/www.sincomam.org.br\/index.php\/wp-json\/wp\/v2\/media?parent=42949"}],"wp:term":[{"taxonomy":"category","embeddable":true,"href":"https:\/\/www.sincomam.org.br\/index.php\/wp-json\/wp\/v2\/categories?post=42949"},{"taxonomy":"post_tag","embeddable":true,"href":"https:\/\/www.sincomam.org.br\/index.php\/wp-json\/wp\/v2\/tags?post=42949"}],"curies":[{"name":"wp","href":"https:\/\/api.w.org\/{rel}","templated":true}]}}