{"id":42922,"date":"2022-12-16T12:50:46","date_gmt":"2022-12-16T15:50:46","guid":{"rendered":"http:\/\/www.sincomam.org.br\/?p=42922"},"modified":"2022-12-16T12:50:46","modified_gmt":"2022-12-16T15:50:46","slug":"marinha-promove-a-4a-edicao-do-passeio-ciclistico-dia-do-marinheiro-no-piaui","status":"publish","type":"post","link":"https:\/\/www.sincomam.org.br\/index.php\/marinha-promove-a-4a-edicao-do-passeio-ciclistico-dia-do-marinheiro-no-piaui\/","title":{"rendered":"Marinha promove a 4\u00aa Edi\u00e7\u00e3o do Passeio Cicl\u00edstico \u201cDia do Marinheiro\u201d no Piau\u00ed"},"content":{"rendered":"<p>A Capitania dos Portos do Piau\u00ed realizou, no dia 4 de dezembro, a quarta edi\u00e7\u00e3o do Passeio Cicl\u00edstico \u201cDia do Marinheiro\u201d, em Parna\u00edba. Com trajeto de 14 quil\u00f4metros, oevento contou com a participa\u00e7\u00e3o de mais de 200 ciclistas, que percorreram os principais pontos da cidade.<\/p>\n<p>Cada participante doou um quilo de alimento n\u00e3o perec\u00edvel. Os produtos ser\u00e3o entregues a institui\u00e7\u00f5es sem fins lucrativos.<\/p>\n<div class=\"td-a-rec td-a-rec-id-content_inline td_uid_2_639c7a3746960_rand td_block_template_11\">\n<p>O evento contou com o apoio da Sociedade Amigos da Marinha do Piau\u00ed, Prefeitura de Parna\u00edba, Servi\u00e7o Social do Com\u00e9rcio, Federa\u00e7\u00e3o das Ind\u00fastrias do Estado do Piau\u00ed, Pol\u00edcia Rodovi\u00e1ria Federal, Pol\u00edcia Militar e Corpo de Bombeiros.<\/p>\n<\/div>\n<p>O Capit\u00e3o dos Portos do Piau\u00ed, Capit\u00e3o de Fragata Jos\u00e9 Eduardo da Silva, falou sobre o evento. \u201cAo ver a participa\u00e7\u00e3o das empresas nos apoiando, percebemos a import\u00e2ncia do esporte na mentalidade do povo piauiense. Nesse quarto passeio cicl\u00edstico \u2013 Dia do Marinheiro, se consolida a data no calend\u00e1rio do estado do Piau\u00ed\u201d, enfatizou.<\/p>\n<p>A empres\u00e1ria Akelanne Costa da Silva Almeida expressou a sua alegria na participa\u00e7\u00e3o do evento. \u201cFico feliz em poder participar das comemora\u00e7\u00f5es ao Dia do Marinheiro e contribuir de alguma forma na mentalidade de seguran\u00e7a da navega\u00e7\u00e3o e na mentalidade saud\u00e1vel da pr\u00e1tica do esporte\u201d, disse.<\/p>\n<p>Fonte: Defesa em Foco<\/p>\n","protected":false},"excerpt":{"rendered":"<p>A Capitania dos Portos do Piau\u00ed realizou, no dia 4 de dezembro, a quarta edi\u00e7\u00e3o do Passeio Cicl\u00edstico \u201cDia do Marinheiro\u201d, em Parna\u00edba. Com trajeto&#8230;<\/p>\n","protected":false},"author":1527,"featured_media":42923,"comment_status":"closed","ping_status":"closed","sticky":false,"template":"","format":"standard","meta":{"footnotes":""},"categories":[6],"tags":[],"class_list":["post-42922","post","type-post","status-publish","format-standard","has-post-thumbnail","hentry","category-noticias"],"_links":{"self":[{"href":"https:\/\/www.sincomam.org.br\/index.php\/wp-json\/wp\/v2\/posts\/42922","targetHints":{"allow":["GET"]}}],"collection":[{"href":"https:\/\/www.sincomam.org.br\/index.php\/wp-json\/wp\/v2\/posts"}],"about":[{"href":"https:\/\/www.sincomam.org.br\/index.php\/wp-json\/wp\/v2\/types\/post"}],"author":[{"embeddable":true,"href":"https:\/\/www.sincomam.org.br\/index.php\/wp-json\/wp\/v2\/users\/1527"}],"replies":[{"embeddable":true,"href":"https:\/\/www.sincomam.org.br\/index.php\/wp-json\/wp\/v2\/comments?post=42922"}],"version-history":[{"count":1,"href":"https:\/\/www.sincomam.org.br\/index.php\/wp-json\/wp\/v2\/posts\/42922\/revisions"}],"predecessor-version":[{"id":42924,"href":"https:\/\/www.sincomam.org.br\/index.php\/wp-json\/wp\/v2\/posts\/42922\/revisions\/42924"}],"wp:featuredmedia":[{"embeddable":true,"href":"https:\/\/www.sincomam.org.br\/index.php\/wp-json\/wp\/v2\/media\/42923"}],"wp:attachment":[{"href":"https:\/\/www.sincomam.org.br\/index.php\/wp-json\/wp\/v2\/media?parent=42922"}],"wp:term":[{"taxonomy":"category","embeddable":true,"href":"https:\/\/www.sincomam.org.br\/index.php\/wp-json\/wp\/v2\/categories?post=42922"},{"taxonomy":"post_tag","embeddable":true,"href":"https:\/\/www.sincomam.org.br\/index.php\/wp-json\/wp\/v2\/tags?post=42922"}],"curies":[{"name":"wp","href":"https:\/\/api.w.org\/{rel}","templated":true}]}}