{"id":4292,"date":"2014-03-18T09:20:02","date_gmt":"2014-03-18T12:20:02","guid":{"rendered":"http:\/\/www.sincomam.org.br\/?p=4292"},"modified":"2014-03-18T10:00:31","modified_gmt":"2014-03-18T13:00:31","slug":"conta-de-luz-ficara-mais-cara-em-2015","status":"publish","type":"post","link":"https:\/\/www.sincomam.org.br\/index.php\/conta-de-luz-ficara-mais-cara-em-2015\/","title":{"rendered":"Conta de luz ficar\u00e1 mais cara em 2015"},"content":{"rendered":"<p><b><i>Governo confirma n\u00edveis baixos de \u00e1gua em hidrel\u00e9tricas e utiliza\u00e7\u00e3o das termoel\u00e9tricas, que \u00e9 mais caro<\/i><\/b><\/p>\n<p>O governo anunciou o aumento da conta de luz, em 2015. O motivo \u00e9 que as hidrel\u00e9tricas est\u00e3o com os n\u00edveis baixos de \u00e1gua, devido a falta de chuvas e a utiliza\u00e7\u00e3o dos servi\u00e7os das termoel\u00e9tricas \u00e9 mais caro.<\/p>\n<p>Com os reservat\u00f3rios das hidrel\u00e9tricas em n\u00edveis muito baixos, as usinas t\u00e9rmicas foram acionadas a todo vapor para poupar a \u00e1gua.<\/p>\n<p>Com isso, o pre\u00e7o da energia, que sai mais cara das t\u00e9rmicas, disparou. No mercado livre, o megawatt subiu de R$ 214 em fevereiro do ano passado para R$ 822 em fevereiro deste ano. E \u00e9 l\u00e1 que as distribuidoras compram a energia que falta para suprir a demanda dos consumidores.<\/p>\n<p>O governo cobriu grande parte do preju\u00edzo em janeiro, repassando R$ 1,2 bilh\u00e3o para que o aumento n\u00e3o fosse repassado para as contas de luz do consumidor. Mas nesta quinta-feira (13), o governo anunciou mais recursos para aliviar o setor.<\/p>\n<p>A C\u00e2mara de Comercializa\u00e7\u00e3o de Energia El\u00e9trica vai contratar financiamentos no valor de R$ 8 bilh\u00f5es com o objetivo de manter os pre\u00e7os sob controle.<\/p>\n<p>O governo garantiu que n\u00e3o haver\u00e1 aumento nas contas de energia para o consumidor este ano. O c\u00e1lculo s\u00f3 ser\u00e1 feito ao final do ano depois de todo esse esfor\u00e7o. Ou seja, o custo para manter o sistema funcionando em 2014 s\u00f3 ser\u00e1 repassado ao consumidor no ano que vem.<\/p>\n<p>Para o governo, as medidas s\u00e3o tempor\u00e1rias at\u00e9 que a situa\u00e7\u00e3o dos reservat\u00f3rios melhore, ou seja, volte a chover.<\/p>\n<p>Fonte: Globo.com \/ Foto: Ag\u00eancia Brasil<\/p>\n","protected":false},"excerpt":{"rendered":"<p>Governo confirma n\u00edveis baixos de \u00e1gua em hidrel\u00e9tricas e utiliza\u00e7\u00e3o das termoel\u00e9tricas, que \u00e9 mais caro O governo anunciou o aumento da conta de luz,&#8230;<\/p>\n","protected":false},"author":1182,"featured_media":4294,"comment_status":"closed","ping_status":"closed","sticky":false,"template":"","format":"standard","meta":{"footnotes":""},"categories":[6],"tags":[757,405,756,759,758],"class_list":["post-4292","post","type-post","status-publish","format-standard","has-post-thumbnail","hentry","category-noticias","tag-757","tag-aumento","tag-conta-de-luz","tag-hidreletricas","tag-termoeletricas"],"_links":{"self":[{"href":"https:\/\/www.sincomam.org.br\/index.php\/wp-json\/wp\/v2\/posts\/4292","targetHints":{"allow":["GET"]}}],"collection":[{"href":"https:\/\/www.sincomam.org.br\/index.php\/wp-json\/wp\/v2\/posts"}],"about":[{"href":"https:\/\/www.sincomam.org.br\/index.php\/wp-json\/wp\/v2\/types\/post"}],"author":[{"embeddable":true,"href":"https:\/\/www.sincomam.org.br\/index.php\/wp-json\/wp\/v2\/users\/1182"}],"replies":[{"embeddable":true,"href":"https:\/\/www.sincomam.org.br\/index.php\/wp-json\/wp\/v2\/comments?post=4292"}],"version-history":[{"count":2,"href":"https:\/\/www.sincomam.org.br\/index.php\/wp-json\/wp\/v2\/posts\/4292\/revisions"}],"predecessor-version":[{"id":4295,"href":"https:\/\/www.sincomam.org.br\/index.php\/wp-json\/wp\/v2\/posts\/4292\/revisions\/4295"}],"wp:featuredmedia":[{"embeddable":true,"href":"https:\/\/www.sincomam.org.br\/index.php\/wp-json\/wp\/v2\/media\/4294"}],"wp:attachment":[{"href":"https:\/\/www.sincomam.org.br\/index.php\/wp-json\/wp\/v2\/media?parent=4292"}],"wp:term":[{"taxonomy":"category","embeddable":true,"href":"https:\/\/www.sincomam.org.br\/index.php\/wp-json\/wp\/v2\/categories?post=4292"},{"taxonomy":"post_tag","embeddable":true,"href":"https:\/\/www.sincomam.org.br\/index.php\/wp-json\/wp\/v2\/tags?post=4292"}],"curies":[{"name":"wp","href":"https:\/\/api.w.org\/{rel}","templated":true}]}}