{"id":42911,"date":"2022-12-16T10:40:51","date_gmt":"2022-12-16T13:40:51","guid":{"rendered":"http:\/\/www.sincomam.org.br\/?p=42911"},"modified":"2022-12-16T10:40:51","modified_gmt":"2022-12-16T13:40:51","slug":"alerj-e-marinha-se-unem-pela-retomada-da-industria-naval-no-rio","status":"publish","type":"post","link":"https:\/\/www.sincomam.org.br\/index.php\/alerj-e-marinha-se-unem-pela-retomada-da-industria-naval-no-rio\/","title":{"rendered":"Alerj e Marinha se unem pela retomada da ind\u00fastria naval no Rio"},"content":{"rendered":"<p>O presidente da\u00a0Assembleia Legislativa do Estado do Rio de Janeiro (Alerj),\u00a0Andr\u00e9 Ceciliano (PT),\u00a0e os deputados\u00a0Luiz Paulo (PSD)\u00a0e\u00a0C\u00e9lia Jord\u00e3o (PL)\u00a0visitaram, na \u00faltima quinta-feira, (15\/12), o pr\u00e9dio da\u00a0Empresa Gerencial de Projetos Navais (Emgepron),\u00a0localizada na base naval da\u00a0Ilha das Cobras.\u00a0Durante a visita, o diretor-presidente da institui\u00e7\u00e3o, almirante\u00a0Ed\u00e9sio Teixeira, anunciou a constru\u00e7\u00e3o de 10 novos navios a partir de um investimento de R$ 35 milh\u00f5es de d\u00f3lares cada.<\/p>\n<p>Segundo o almirante, o projeto poder\u00e1 gerar cerca de 600 empregos diretamente e dois mil de forma indireta no estado.<\/p>\n<p><em>\u201cVimos que o Rio de Janeiro \u00e9 o estado brasileiro que tem as melhores condi\u00e7\u00f5es para desenvolver a economia do mar. Vamos iniciar um acordo de coopera\u00e7\u00e3o com a Marinha do Brasil para come\u00e7armos os estudos para a contrata\u00e7\u00e3o do primeiro navio patrulha, que ser\u00e1 feito obrigatoriamente no Rio. Cada navio custa em m\u00e9dia R$35 milh\u00f5es de d\u00f3lares, o primeiro ser\u00e1 constru\u00eddo pela empresa, e a Marinha buscar\u00e1 os demais recursos ao longo do projeto. O navio ter\u00e1 que ser constru\u00eddo no Rio e ter, no m\u00ednimo, 50% de produto nacional<\/em>\u201d, explicou.<\/p>\n<p>Durante a reuni\u00e3o entre os parlamentares e dirigentes da empresa,\u00a0Ceciliano\u00a0(PT)\u00a0destacou a import\u00e2ncia das a\u00e7\u00f5es para contribu\u00edrem para a gera\u00e7\u00e3o de emprego e renda.<\/p>\n<p>\u201c<em>Nossa dificuldade no Parlamento \u00e9 sempre estruturar a economia do Rio. Em 1985, t\u00ednhamos 540 mil empregos, hoje temos 341 mil. Temos um potencial imenso, em outubro produzimos mais de 80% do petr\u00f3leo do Brasil. Parabenizo esse projeto, pois est\u00e3o pensando em um cluster, est\u00e3o bem estruturados, precisamos dar aten\u00e7\u00e3o a esse tema que tem um grande potencial\u201d,<\/em>\u00a0afirmou.<\/p>\n<p>A deputada\u00a0C\u00e9lia Jord\u00e3o (PL),\u00a0que presidiu a\u00a0Comiss\u00e3o Especial de Ind\u00fastria Naval, Offshore e do Setor de Petr\u00f3leo e G\u00e1s, disse que o tema \u00e9 essencial para promover o desenvolvimento econ\u00f4mico do estado do\u00a0Rio de Janeiro.\u00a0<em>\u201cQuando fiquei \u00e0 frente da Comiss\u00e3o de Ind\u00fastria Naval, tive a oportunidade de me aproximar desse tema, e vou sempre me colocar \u00e0 disposi\u00e7\u00e3o para conhecer mais ainda e ajudar a criar oportunidades para desenvolver o nosso estado\u201d<\/em>, salientou.<\/p>\n<p>Luiz Paulo (PSD)\u00a0enfatizou o papel fundamental da ind\u00fastria do mar para a economia fluminense.\u00a0<em>\u201cPrecisamos, no pr\u00f3ximo governo, reativar imediatamente a ind\u00fastria naval. Para isso, precisamos de regras para que n\u00e3o haja o afretamento vertiginoso feito principalmente pela Petrobras at\u00e9 mesmo para manuten\u00e7\u00e3o das embarca\u00e7\u00f5es\u201d.<\/em><\/p>\n<p>Tamb\u00e9m estavam presentes na reuni\u00e3o o ex-comandante da Marinha do Brasil, almirante de esquadra Ilques\u00a0Barbosa J\u00fanior; o diretor t\u00e9cnico-comercial da Emgepron, vice-almirante\u00a0Fl\u00e1vio Macedo; o presidente do Sindicato Nacional de Materiais de Defesa (SIMDE),\u00a0Carlos Erane; o presidente do Conselho de Economia da Federa\u00e7\u00e3o das Ind\u00fastrias do Estado do Rio de Janeiro (Firjan),\u00a0Frederico Aguiar; o professor da Escola de Guerra Naval,\u00a0Thauan Santos; o assessor acad\u00eamico da Escola de Guerra Naval, comandante\u00a0Andr\u00e9 Beir\u00e3o; a pesquisadora da UFRJ, Laurelena Palhano\u00a0e o diretor-presidente do Cluster Tecnol\u00f3gico Naval, almirante\u00a0Walter Lucas da Silva.<\/p>\n<p>Fonte: Di\u00e1rio do Rio<\/p>\n","protected":false},"excerpt":{"rendered":"<p>O presidente da\u00a0Assembleia Legislativa do Estado do Rio de Janeiro (Alerj),\u00a0Andr\u00e9 Ceciliano (PT),\u00a0e os deputados\u00a0Luiz Paulo (PSD)\u00a0e\u00a0C\u00e9lia Jord\u00e3o (PL)\u00a0visitaram, na \u00faltima quinta-feira, (15\/12), o pr\u00e9dio&#8230;<\/p>\n","protected":false},"author":1527,"featured_media":42912,"comment_status":"closed","ping_status":"closed","sticky":false,"template":"","format":"standard","meta":{"footnotes":""},"categories":[6],"tags":[],"class_list":["post-42911","post","type-post","status-publish","format-standard","has-post-thumbnail","hentry","category-noticias"],"_links":{"self":[{"href":"https:\/\/www.sincomam.org.br\/index.php\/wp-json\/wp\/v2\/posts\/42911","targetHints":{"allow":["GET"]}}],"collection":[{"href":"https:\/\/www.sincomam.org.br\/index.php\/wp-json\/wp\/v2\/posts"}],"about":[{"href":"https:\/\/www.sincomam.org.br\/index.php\/wp-json\/wp\/v2\/types\/post"}],"author":[{"embeddable":true,"href":"https:\/\/www.sincomam.org.br\/index.php\/wp-json\/wp\/v2\/users\/1527"}],"replies":[{"embeddable":true,"href":"https:\/\/www.sincomam.org.br\/index.php\/wp-json\/wp\/v2\/comments?post=42911"}],"version-history":[{"count":1,"href":"https:\/\/www.sincomam.org.br\/index.php\/wp-json\/wp\/v2\/posts\/42911\/revisions"}],"predecessor-version":[{"id":42913,"href":"https:\/\/www.sincomam.org.br\/index.php\/wp-json\/wp\/v2\/posts\/42911\/revisions\/42913"}],"wp:featuredmedia":[{"embeddable":true,"href":"https:\/\/www.sincomam.org.br\/index.php\/wp-json\/wp\/v2\/media\/42912"}],"wp:attachment":[{"href":"https:\/\/www.sincomam.org.br\/index.php\/wp-json\/wp\/v2\/media?parent=42911"}],"wp:term":[{"taxonomy":"category","embeddable":true,"href":"https:\/\/www.sincomam.org.br\/index.php\/wp-json\/wp\/v2\/categories?post=42911"},{"taxonomy":"post_tag","embeddable":true,"href":"https:\/\/www.sincomam.org.br\/index.php\/wp-json\/wp\/v2\/tags?post=42911"}],"curies":[{"name":"wp","href":"https:\/\/api.w.org\/{rel}","templated":true}]}}