{"id":42894,"date":"2022-12-15T11:22:12","date_gmt":"2022-12-15T14:22:12","guid":{"rendered":"http:\/\/www.sincomam.org.br\/?p=42894"},"modified":"2022-12-15T11:22:12","modified_gmt":"2022-12-15T14:22:12","slug":"gerenciamento-das-docagens-e-reparo-uma-visao-de-negocio","status":"publish","type":"post","link":"https:\/\/www.sincomam.org.br\/index.php\/gerenciamento-das-docagens-e-reparo-uma-visao-de-negocio\/","title":{"rendered":"Gerenciamento das docagens e reparo &#8211; uma vis\u00e3o de neg\u00f3cio"},"content":{"rendered":"<p>A variedade de interesses, complexidade crescente das instala\u00e7\u00f5es, quantidade de atividades a serem desenvolvidas durante os per\u00edodos de parada das unidades e a press\u00e3o comercial para minimizar o tempo fora de contrato obriga a atividade de reparo naval a se inserir no ambiente do neg\u00f3cio e contemplar, al\u00e9m das demandas t\u00e9cnicas e operacionais, os variados requisitos contratuais e comerciais.<\/p>\n<p>O sucesso na realiza\u00e7\u00e3o de reparos programados ou n\u00e3o, nesse contexto mais amplo, vai al\u00e9m do simples atendimento de uma lista de tarefas previamente acordada. O gerenciamento das docagens de forma estruturada passou a ser visto como um diferencial competitivo, e decisivo no desempenho das empresas.<\/p>\n<p>As paradas de manuten\u00e7\u00e3o apesar de necess\u00e1rias, representam uma interrup\u00e7\u00e3o nas opera\u00e7\u00f5es e, portanto, devem ser otimizadas.<\/p>\n<p>Assim, a implementa\u00e7\u00e3o de t\u00e9cnicas de gest\u00e3o nas docagens e reparos se apresenta como op\u00e7\u00e3o agregadora de conhecimento assegurando o atendimento das necessidades das partes interessadas na opera\u00e7\u00e3o da unidade.<\/p>\n<p>Este artigo tem como objetivo apresentar a aplicabilidade das pr\u00e1ticas de gerenciamento de projetos, na repara\u00e7\u00e3o naval em especial nas docagens.<\/p>\n<p>Fonte: Portos e Navios<\/p>\n","protected":false},"excerpt":{"rendered":"<p>A variedade de interesses, complexidade crescente das instala\u00e7\u00f5es, quantidade de atividades a serem desenvolvidas durante os per\u00edodos de parada das unidades e a press\u00e3o comercial&#8230;<\/p>\n","protected":false},"author":1527,"featured_media":42895,"comment_status":"closed","ping_status":"closed","sticky":false,"template":"","format":"standard","meta":{"footnotes":""},"categories":[6],"tags":[],"class_list":["post-42894","post","type-post","status-publish","format-standard","has-post-thumbnail","hentry","category-noticias"],"_links":{"self":[{"href":"https:\/\/www.sincomam.org.br\/index.php\/wp-json\/wp\/v2\/posts\/42894","targetHints":{"allow":["GET"]}}],"collection":[{"href":"https:\/\/www.sincomam.org.br\/index.php\/wp-json\/wp\/v2\/posts"}],"about":[{"href":"https:\/\/www.sincomam.org.br\/index.php\/wp-json\/wp\/v2\/types\/post"}],"author":[{"embeddable":true,"href":"https:\/\/www.sincomam.org.br\/index.php\/wp-json\/wp\/v2\/users\/1527"}],"replies":[{"embeddable":true,"href":"https:\/\/www.sincomam.org.br\/index.php\/wp-json\/wp\/v2\/comments?post=42894"}],"version-history":[{"count":1,"href":"https:\/\/www.sincomam.org.br\/index.php\/wp-json\/wp\/v2\/posts\/42894\/revisions"}],"predecessor-version":[{"id":42896,"href":"https:\/\/www.sincomam.org.br\/index.php\/wp-json\/wp\/v2\/posts\/42894\/revisions\/42896"}],"wp:featuredmedia":[{"embeddable":true,"href":"https:\/\/www.sincomam.org.br\/index.php\/wp-json\/wp\/v2\/media\/42895"}],"wp:attachment":[{"href":"https:\/\/www.sincomam.org.br\/index.php\/wp-json\/wp\/v2\/media?parent=42894"}],"wp:term":[{"taxonomy":"category","embeddable":true,"href":"https:\/\/www.sincomam.org.br\/index.php\/wp-json\/wp\/v2\/categories?post=42894"},{"taxonomy":"post_tag","embeddable":true,"href":"https:\/\/www.sincomam.org.br\/index.php\/wp-json\/wp\/v2\/tags?post=42894"}],"curies":[{"name":"wp","href":"https:\/\/api.w.org\/{rel}","templated":true}]}}