{"id":42848,"date":"2022-12-13T12:50:31","date_gmt":"2022-12-13T15:50:31","guid":{"rendered":"http:\/\/www.sincomam.org.br\/?p=42848"},"modified":"2022-12-13T12:50:31","modified_gmt":"2022-12-13T15:50:31","slug":"governo-de-transicao-pretende-retomar-projetos-da-industria-naval","status":"publish","type":"post","link":"https:\/\/www.sincomam.org.br\/index.php\/governo-de-transicao-pretende-retomar-projetos-da-industria-naval\/","title":{"rendered":"Governo de Transi\u00e7\u00e3o pretende retomar projetos da ind\u00fastria naval"},"content":{"rendered":"<p>Aqueles que aguardavam o reaquecimento da ind\u00fastria naval brasileira podem comemorar! Isso pois, alguns representantes do Sindicato Nacional da Ind\u00fastria da Constru\u00e7\u00e3o e Repara\u00e7\u00e3o Naval e Offshore (Sinaval) se reuniram com o Governo de Transi\u00e7\u00e3o para debater sobre o\u00a0<a href=\"https:\/\/clickpetroleoegas.com.br\/category\/industria-naval-portos-e-estaleiros\/\">futuro do segmento<\/a>. Assim, as discuss\u00f5es apontaram poss\u00edveis grandes investimentos por parte do mandato de Lula para os segmentos do setor naval e da energia e\u00f3lica offshore ao longo dos seus 4 anos de governo.<\/p>\n<p>Durante os \u00faltimos anos, a ind\u00fastria naval brasileira vem sendo cada vez mais deixada de lado, ao passo onde o setor naval internacional cresce.<\/p>\n<p>No entanto, com a vit\u00f3ria do presidente Lula, nos \u00faltimos meses, as discuss\u00f5es sobre o futuro do mercado nacional e os investimentos previstos para os pr\u00f3ximos 4 anos j\u00e1 est\u00e3o acontecendo.<\/p>\n<p>Recentemente, alguns membros do Sinaval se reuniram com o Governo de Transi\u00e7\u00e3o do mandato Lula para debater sobre o posicionamento do presidente quanto ao futuro de duas grandes \u00e1reas nacionais: a ind\u00fastria naval e a energia e\u00f3lica offshore.<\/p>\n<p>Os resultados foram bastante positivos, visto que o sindicato recebeu a not\u00edcia de que o governo dever\u00e1 fazer fortes investimentos em projetos nacionais para reaquecer os segmentos durante os pr\u00f3ximos 4 anos.<\/p>\n<p>Durante o seu encontro com o Governo de Transi\u00e7\u00e3o do mandato Lula, o Sinaval apresentou os principais gargalos da ind\u00fastria naval brasileira e as principais necessidades para os pr\u00f3ximos anos.<\/p>\n<p>Entre elas, o est\u00edmulo a projetos nacionais, como o Promef [Programa de Expans\u00e3o e Moderniza\u00e7\u00e3o da Frota da Transpetro] e o Prorefam [Programa de Renova\u00e7\u00e3o da Frota de Apoio Mar\u00edtimo da Petrobr\u00e1s], foram os principais.<\/p>\n<p>Isso, pois eles garantem que o desenvolvimento da ind\u00fastria naval n\u00e3o pare, impulsionando assim mais empresas e neg\u00f3cios em todo o Brasil.<\/p>\n<p>Al\u00e9m disso, o Sinaval destacou a necessidade e import\u00e2ncia de apoio aos projetos de energia e\u00f3lica offshore durante os pr\u00f3ximos anos, bem como a retomada do projeto BR do Mar.<\/p>\n<p>Os resultados desse encontro foram bastante positivos, visto que o Governo de Transi\u00e7\u00e3o se mostrou aberto \u00e0s propostas.<\/p>\n<p>\u201cO que escutamos \u00e9 que o presidente Lula tem a inten\u00e7\u00e3o de retomar a ind\u00fastria naval. Nosso setor \u00e9 pauta do futuro governo, de modo a criar novos empregos no pa\u00eds\u201d, disse o vice-presidente executivo do Sinaval, Sergio Bacci.<\/p>\n<p>\u201cOuvimos tamb\u00e9m do grupo de Infraestrutura que o setor naval precisa ficar atento com as oportunidades em energia e\u00f3lica offshore. As demandas nesse novo setor podem surgir um pouco mais cedo do que o esperado anteriormente\u201d, finalizou o executivo.<\/p>\n<h2>Conhe\u00e7a o Sinaval<\/h2>\n<p>A miss\u00e3o do SINAVAL \u00e9 defender os interesses das ind\u00fastrias deste setor e participar de grupos de estudos em \u00f3rg\u00e3os governamentais e institui\u00e7\u00f5es de ensino e pesquisa<\/p>\n<p>A Ind\u00fastria Naval, em todo o mundo, \u00e9 considerada de import\u00e2ncia estrat\u00e9gica para os pa\u00edses e \u00e9 apoiada e incentivada pelos governos. \u00c9 um projeto da sociedade por que representa a mobiliza\u00e7\u00e3o de grandes contingentes de m\u00e3o-de-obra e de vastos recursos financeiros.<\/p>\n<p>Fonte: Click Petr\u00f3leo e G\u00e1s<\/p>\n<p>&nbsp;<\/p>\n","protected":false},"excerpt":{"rendered":"<p>Aqueles que aguardavam o reaquecimento da ind\u00fastria naval brasileira podem comemorar! Isso pois, alguns representantes do Sindicato Nacional da Ind\u00fastria da Constru\u00e7\u00e3o e Repara\u00e7\u00e3o Naval&#8230;<\/p>\n","protected":false},"author":1527,"featured_media":42849,"comment_status":"closed","ping_status":"closed","sticky":false,"template":"","format":"standard","meta":{"footnotes":""},"categories":[6],"tags":[],"class_list":["post-42848","post","type-post","status-publish","format-standard","has-post-thumbnail","hentry","category-noticias"],"_links":{"self":[{"href":"https:\/\/www.sincomam.org.br\/index.php\/wp-json\/wp\/v2\/posts\/42848","targetHints":{"allow":["GET"]}}],"collection":[{"href":"https:\/\/www.sincomam.org.br\/index.php\/wp-json\/wp\/v2\/posts"}],"about":[{"href":"https:\/\/www.sincomam.org.br\/index.php\/wp-json\/wp\/v2\/types\/post"}],"author":[{"embeddable":true,"href":"https:\/\/www.sincomam.org.br\/index.php\/wp-json\/wp\/v2\/users\/1527"}],"replies":[{"embeddable":true,"href":"https:\/\/www.sincomam.org.br\/index.php\/wp-json\/wp\/v2\/comments?post=42848"}],"version-history":[{"count":1,"href":"https:\/\/www.sincomam.org.br\/index.php\/wp-json\/wp\/v2\/posts\/42848\/revisions"}],"predecessor-version":[{"id":42850,"href":"https:\/\/www.sincomam.org.br\/index.php\/wp-json\/wp\/v2\/posts\/42848\/revisions\/42850"}],"wp:featuredmedia":[{"embeddable":true,"href":"https:\/\/www.sincomam.org.br\/index.php\/wp-json\/wp\/v2\/media\/42849"}],"wp:attachment":[{"href":"https:\/\/www.sincomam.org.br\/index.php\/wp-json\/wp\/v2\/media?parent=42848"}],"wp:term":[{"taxonomy":"category","embeddable":true,"href":"https:\/\/www.sincomam.org.br\/index.php\/wp-json\/wp\/v2\/categories?post=42848"},{"taxonomy":"post_tag","embeddable":true,"href":"https:\/\/www.sincomam.org.br\/index.php\/wp-json\/wp\/v2\/tags?post=42848"}],"curies":[{"name":"wp","href":"https:\/\/api.w.org\/{rel}","templated":true}]}}