{"id":42842,"date":"2022-12-13T12:41:32","date_gmt":"2022-12-13T15:41:32","guid":{"rendered":"http:\/\/www.sincomam.org.br\/?p=42842"},"modified":"2022-12-13T12:46:30","modified_gmt":"2022-12-13T15:46:30","slug":"covid-19-rio-de-janeiro-tem-tendencia-de-queda-no-numero-de-casos","status":"publish","type":"post","link":"https:\/\/www.sincomam.org.br\/index.php\/covid-19-rio-de-janeiro-tem-tendencia-de-queda-no-numero-de-casos\/","title":{"rendered":"Covid-19: Rio de Janeiro tem tend\u00eancia de queda no n\u00famero de casos"},"content":{"rendered":"<p>O n\u00famero di\u00e1rio de novos casos da covid-19 na cidade do Rio de Janeiro apresenta tend\u00eancia de queda desde o fim de novembro, caindo de uma m\u00e9dia m\u00f3vel de sete dias de 4.483 em 19 de novembro para 364 no dia 11 de dezembro. Os dados est\u00e3o no\u00a0painel do Observat\u00f3rio Epidemiol\u00f3gico\u00a0da prefeitura.<img decoding=\"async\" src=\"https:\/\/agenciabrasil.ebc.com.br\/ebc.png?id=1498219&amp;o=node\" \/><img decoding=\"async\" src=\"https:\/\/agenciabrasil.ebc.com.br\/ebc.gif?id=1498219&amp;o=node\" \/><\/p>\n<p>Em janeiro, na onda da variante \u00d4micron, a cidade chegou a registar mais de 25 mil novos casos por dia, na m\u00e9dia m\u00f3vel, com o pico de 37.484 no dia 10 de janeiro. Em abril os casos chegaram a ficar abaixo de 100 por dia, com eleva\u00e7\u00e3o para a faixa de 4 mil em junho, nova queda para baixo dos 70 casos por dia em setembro e eleva\u00e7\u00e3o a partir do in\u00edcio de novembro.<\/p>\n<p>Com o avan\u00e7o da vacina\u00e7\u00e3o contra a covid-19, os \u00f3bitos n\u00e3o registraram eleva\u00e7\u00e3o muito forte acompanhando as ondas de caso de 2022, chegando a 92 na m\u00e9dia m\u00f3vel de sete dias em janeiro, 21 em junho e 15 no m\u00eas passado. As interna\u00e7\u00f5es somaram 695 em novembro e hoje acidade tem 60 pessoas internadas na rede p\u00fablica, segundo o painel da prefeitura.<\/p>\n<p>A procura pela testagem e taxa de positividade tamb\u00e9m est\u00e3o diminuindo. Foram 93.530 testes de ant\u00edgeno na semana de 13 a 19 de novembro, com positividade de 30%, caindo para 32.205 de 4 a 10 de dezembro, com positividade de 22%.<\/p>\n<p>A cidade do Rio de Janeiro registrou 222.515 casos no ano de 2020, sendo 42.620 graves e 18.962 \u00f3bitos. Em 2021, foram 309.162 casos de covid-19 confirmados, com 43.457 graves e 16.306 \u00f3bitos. Este ano, at\u00e9 o momento a prefeitura registrou 732.974 casos de covid-19, com 7.311 graves e 2.601 \u00f3bitos.<\/p>\n<h2>Vacina\u00e7\u00e3o<\/h2>\n<p>O avan\u00e7o da vacina\u00e7\u00e3o contra a covid-19 na cidade continua lento, depois da ampla cobertura atingida pelas duas doses do ciclo b\u00e1sico de imuniza\u00e7\u00e3o contra a doen\u00e7a, iniciada em fevereiro de 2021 com os idosos e depois para a popula\u00e7\u00e3o adulta.<\/p>\n<p>Quando considerada a popula\u00e7\u00e3o residente no munic\u00edpio a partir dos 18 anos de idade, 99,9% receberam a primeira dose da vacina e 99,8% foram protegidos com duas doses. A propor\u00e7\u00e3o cai para 76,4% com a primeira dose de refor\u00e7o e apenas 37,8% dos adultos voltaram aos postos para garantir o segundo refor\u00e7o.<\/p>\n<p>Para as crian\u00e7as, a vacina\u00e7\u00e3o da faixa de 3 e 4 anos de idade come\u00e7ou no dia 20 de julho e foi interrompida algumas vezes por falta de doses no estoque da Secretaria Municipal de Sa\u00fade. Os beb\u00eas de 6 meses a 2 anos, com comorbidades, come\u00e7aram a ser vacinados no dia 17 de novembro.<\/p>\n<p>At\u00e9 o momento, apenas 6% do p\u00fablico estimado de 6 meses a 4 anos de idade receberam as duas doses e 9% est\u00e3o com a primeira. Quase 300 mil beb\u00eas e crian\u00e7as nessa faixa n\u00e3o foram levados pelos pais ou respons\u00e1veis para ser imunizadas contra a covid-19.<\/p>\n<p>Na faixa de 5 a 11 anos de idade, que come\u00e7ou a ser atendida no dia 17 de janeiro, 63% do p\u00fablico alvo completou o esquema b\u00e1sico com duas doses e 21% recebeu a primeira imuniza\u00e7\u00e3o. Quase 90 mil crian\u00e7as nessa faixa permanecem vulner\u00e1veis ao coronav\u00edrus, sem ter recebido nenhuma dose da vacina.<\/p>\n<p>Fonte: Ag\u00eancia Brasil<\/p>\n<p>&nbsp;<\/p>\n","protected":false},"excerpt":{"rendered":"<p>O n\u00famero di\u00e1rio de novos casos da covid-19 na cidade do Rio de Janeiro apresenta tend\u00eancia de queda desde o fim de novembro, caindo de&#8230;<\/p>\n","protected":false},"author":1527,"featured_media":42843,"comment_status":"closed","ping_status":"closed","sticky":false,"template":"","format":"standard","meta":{"footnotes":""},"categories":[6],"tags":[],"class_list":["post-42842","post","type-post","status-publish","format-standard","has-post-thumbnail","hentry","category-noticias"],"_links":{"self":[{"href":"https:\/\/www.sincomam.org.br\/index.php\/wp-json\/wp\/v2\/posts\/42842","targetHints":{"allow":["GET"]}}],"collection":[{"href":"https:\/\/www.sincomam.org.br\/index.php\/wp-json\/wp\/v2\/posts"}],"about":[{"href":"https:\/\/www.sincomam.org.br\/index.php\/wp-json\/wp\/v2\/types\/post"}],"author":[{"embeddable":true,"href":"https:\/\/www.sincomam.org.br\/index.php\/wp-json\/wp\/v2\/users\/1527"}],"replies":[{"embeddable":true,"href":"https:\/\/www.sincomam.org.br\/index.php\/wp-json\/wp\/v2\/comments?post=42842"}],"version-history":[{"count":1,"href":"https:\/\/www.sincomam.org.br\/index.php\/wp-json\/wp\/v2\/posts\/42842\/revisions"}],"predecessor-version":[{"id":42844,"href":"https:\/\/www.sincomam.org.br\/index.php\/wp-json\/wp\/v2\/posts\/42842\/revisions\/42844"}],"wp:featuredmedia":[{"embeddable":true,"href":"https:\/\/www.sincomam.org.br\/index.php\/wp-json\/wp\/v2\/media\/42843"}],"wp:attachment":[{"href":"https:\/\/www.sincomam.org.br\/index.php\/wp-json\/wp\/v2\/media?parent=42842"}],"wp:term":[{"taxonomy":"category","embeddable":true,"href":"https:\/\/www.sincomam.org.br\/index.php\/wp-json\/wp\/v2\/categories?post=42842"},{"taxonomy":"post_tag","embeddable":true,"href":"https:\/\/www.sincomam.org.br\/index.php\/wp-json\/wp\/v2\/tags?post=42842"}],"curies":[{"name":"wp","href":"https:\/\/api.w.org\/{rel}","templated":true}]}}