{"id":42822,"date":"2022-12-12T09:28:33","date_gmt":"2022-12-12T12:28:33","guid":{"rendered":"http:\/\/www.sincomam.org.br\/?p=42822"},"modified":"2022-12-12T09:28:33","modified_gmt":"2022-12-12T12:28:33","slug":"marinha-realizou-a-cerimonia-de-declaracao-de-guardas-marinha","status":"publish","type":"post","link":"https:\/\/www.sincomam.org.br\/index.php\/marinha-realizou-a-cerimonia-de-declaracao-de-guardas-marinha\/","title":{"rendered":"Marinha realizou a Cerim\u00f4nia de Declara\u00e7\u00e3o de Guardas-Marinha"},"content":{"rendered":"<p>A Marinha do Brasil (MB) realizou na manh\u00e3 desse s\u00e1bado a Cerimo\u0302nia de Declarac\u0327a\u0303o de Guardas-Marinha, na Escola Naval (EN), no Rio de Janeiro. Os Aspirantes da Turma Patriarca da Independe\u0302ncia receberam suas espadas, si\u0301mbolo do Oficial de MB, e foram declarados Guardas-Marinha. Dos 182 formandos, oito sa\u0303o do sexo feminino e sete estrangeiros de Marinhas Amigas oriundos da Boli\u0301via, Cabo Verde, Camaro\u0303es, Panama\u0301 e de Senegal. A cerimo\u0302nia tambe\u0301m marcou a formatura das primeiras seis mulheres integrantes dos Corpos da Armada e de Fuzileiros Navais graduadas na EN.<\/p>\n<div class=\"page\" title=\"Page 1\">\n<div class=\"layoutArea\">\n<div class=\"column\">\n<p>A Escola Naval tem o propo\u0301sito de formar Oficiais de Marinha para os postos iniciais das carreiras nos Corpos da Armada, Fuzileiros Navais e Intendentes da Marinha. Ale\u0301m da formac\u0327a\u0303o acade\u0302mica e militar- naval inerentes a\u0300 carreira, o curri\u0301culo e\u0301 elaborado de forma a aprimorar os aspectos fi\u0301sicos, sociais e culturais, com a transmissa\u0303o de valores e\u0301ticos e morais, permitindo que os formandos possam liderar os subordinados nas futuras Organizac\u0327o\u0303es Militares distribui\u0301das pelo territo\u0301rio nacional.<\/p>\n<p>Apo\u0301s um ciclo escolar de quatro anos, os Guardas-Marinha iniciara\u0303o, em 2023, o ciclo po\u0301s-escolar da formac\u0327a\u0303o, com um ano de durac\u0327a\u0303o, intensificando as pra\u0301ticas profissionais, atingindo o a\u0301pice a bordo do Navio-Escola Brasil durante Viagem de Instruc\u0327a\u0303o com roteiro de aproximadamente cinco meses.<\/p>\n<\/div>\n<\/div>\n<\/div>\n<div class=\"td-g-rec td-g-rec-id-content_bottom td_uid_4_639526376a2dc_rand td_block_template_11\">Fonte: Defesa em Foco<\/div>\n","protected":false},"excerpt":{"rendered":"<p>A Marinha do Brasil (MB) realizou na manh\u00e3 desse s\u00e1bado a Cerimo\u0302nia de Declarac\u0327a\u0303o de Guardas-Marinha, na Escola Naval (EN), no Rio de Janeiro. Os&#8230;<\/p>\n","protected":false},"author":1527,"featured_media":42823,"comment_status":"closed","ping_status":"closed","sticky":false,"template":"","format":"standard","meta":{"footnotes":""},"categories":[6],"tags":[],"class_list":["post-42822","post","type-post","status-publish","format-standard","has-post-thumbnail","hentry","category-noticias"],"_links":{"self":[{"href":"https:\/\/www.sincomam.org.br\/index.php\/wp-json\/wp\/v2\/posts\/42822","targetHints":{"allow":["GET"]}}],"collection":[{"href":"https:\/\/www.sincomam.org.br\/index.php\/wp-json\/wp\/v2\/posts"}],"about":[{"href":"https:\/\/www.sincomam.org.br\/index.php\/wp-json\/wp\/v2\/types\/post"}],"author":[{"embeddable":true,"href":"https:\/\/www.sincomam.org.br\/index.php\/wp-json\/wp\/v2\/users\/1527"}],"replies":[{"embeddable":true,"href":"https:\/\/www.sincomam.org.br\/index.php\/wp-json\/wp\/v2\/comments?post=42822"}],"version-history":[{"count":1,"href":"https:\/\/www.sincomam.org.br\/index.php\/wp-json\/wp\/v2\/posts\/42822\/revisions"}],"predecessor-version":[{"id":42824,"href":"https:\/\/www.sincomam.org.br\/index.php\/wp-json\/wp\/v2\/posts\/42822\/revisions\/42824"}],"wp:featuredmedia":[{"embeddable":true,"href":"https:\/\/www.sincomam.org.br\/index.php\/wp-json\/wp\/v2\/media\/42823"}],"wp:attachment":[{"href":"https:\/\/www.sincomam.org.br\/index.php\/wp-json\/wp\/v2\/media?parent=42822"}],"wp:term":[{"taxonomy":"category","embeddable":true,"href":"https:\/\/www.sincomam.org.br\/index.php\/wp-json\/wp\/v2\/categories?post=42822"},{"taxonomy":"post_tag","embeddable":true,"href":"https:\/\/www.sincomam.org.br\/index.php\/wp-json\/wp\/v2\/tags?post=42822"}],"curies":[{"name":"wp","href":"https:\/\/api.w.org\/{rel}","templated":true}]}}