{"id":4282,"date":"2014-03-18T08:46:18","date_gmt":"2014-03-18T11:46:18","guid":{"rendered":"http:\/\/www.sincomam.org.br\/?p=4282"},"modified":"2014-03-18T09:17:36","modified_gmt":"2014-03-18T12:17:36","slug":"funcionarios-do-comperj-encerram-greve-de-40-dias","status":"publish","type":"post","link":"https:\/\/www.sincomam.org.br\/index.php\/funcionarios-do-comperj-encerram-greve-de-40-dias\/","title":{"rendered":"Funcion\u00e1rios do Comperj encerram greve de 40 dias"},"content":{"rendered":"<p><b><i>Cerca de 70% dos oper\u00e1rios do Comperj aderiram \u00e0 greve<\/i><\/b><\/p>\n<p>Ap\u00f3s quase 40 dias parados os 29,2 mil funcion\u00e1rios do Complexo Petroqu\u00edmico do Rio de Janeiro (Comperj) decidiram retomar as atividades ontem, segunda-feira, 17. A proposta patronal de reajuste de 9% nos sal\u00e1rios e aumento do benef\u00edcio de vale alimenta\u00e7\u00e3o para R$ 410 acabou sendo aprovada. <\/p>\n<p>A paralisa\u00e7\u00e3o foi marcada por confrontos violentos e diverg\u00eancias entre trabalhadores dissidentes e o Sindicato dos Trabalhadores do Plano da Constru\u00e7\u00e3o, Montagem a Manuten\u00e7\u00e3o de S\u00e3o Gon\u00e7alo, Itabora\u00ed e Regi\u00e3o (SINTICOM), que representa a categoria.<\/p>\n<p>O acordo ficou abaixo do pleito inicial dos grevistas: 15% de aumento salarial e vale alimenta\u00e7\u00e3o no valor de R$ 500, entre outros pontos.<\/p>\n<p>Nesta segunda-feira, o SINTICOM disse que n\u00e3o tinha informa\u00e7\u00f5es sobre desconto financeiro dos dias parados. As empresas respons\u00e1veis pelas obras, entretanto, informaram em nota que um ter\u00e7o deles ser\u00e3o descontados em dez parcelas a partir do pagamento de abril de 2014; um ter\u00e7o ser\u00e1 compensado; e os demais dias ser\u00e3o abonados se n\u00e3o houver outra paralisa\u00e7\u00e3o at\u00e9 31 de janeiro de 2015. Caso haja nova greve os dias ser\u00e3o descontados integralmente, informam.<\/p>\n<p>Cerca de 70% dos oper\u00e1rios do Comperj aderiram \u00e0 greve, que chegou a ser declarada ilegal pelo Tribunal Regional do Trabalho.<\/p>\n<p>Projetado em 2006 por US$ 6,5 bilh\u00f5es, o Comperj prev\u00ea a inaugura\u00e7\u00e3o de sua primeira unidade para agosto de 2016, cerca de cinco anos depois do programado, por pelo menos US$ 13,5 bilh\u00f5es.<\/p>\n<p>Fonte: Agencia Estado \/ Foto: canteiro de obras\u00a0no Complexo Petroqu\u00edmico do Rio de Janeiro (Comperj)<\/p>\n","protected":false},"excerpt":{"rendered":"<p>Cerca de 70% dos oper\u00e1rios do Comperj aderiram \u00e0 greve Ap\u00f3s quase 40 dias parados os 29,2 mil funcion\u00e1rios do Complexo Petroqu\u00edmico do Rio de&#8230;<\/p>\n","protected":false},"author":1182,"featured_media":4139,"comment_status":"closed","ping_status":"closed","sticky":false,"template":"","format":"standard","meta":{"footnotes":""},"categories":[6],"tags":[360,217,244],"class_list":["post-4282","post","type-post","status-publish","format-standard","has-post-thumbnail","hentry","category-noticias","tag-comperj","tag-funcionarios","tag-greve"],"_links":{"self":[{"href":"https:\/\/www.sincomam.org.br\/index.php\/wp-json\/wp\/v2\/posts\/4282","targetHints":{"allow":["GET"]}}],"collection":[{"href":"https:\/\/www.sincomam.org.br\/index.php\/wp-json\/wp\/v2\/posts"}],"about":[{"href":"https:\/\/www.sincomam.org.br\/index.php\/wp-json\/wp\/v2\/types\/post"}],"author":[{"embeddable":true,"href":"https:\/\/www.sincomam.org.br\/index.php\/wp-json\/wp\/v2\/users\/1182"}],"replies":[{"embeddable":true,"href":"https:\/\/www.sincomam.org.br\/index.php\/wp-json\/wp\/v2\/comments?post=4282"}],"version-history":[{"count":2,"href":"https:\/\/www.sincomam.org.br\/index.php\/wp-json\/wp\/v2\/posts\/4282\/revisions"}],"predecessor-version":[{"id":4284,"href":"https:\/\/www.sincomam.org.br\/index.php\/wp-json\/wp\/v2\/posts\/4282\/revisions\/4284"}],"wp:featuredmedia":[{"embeddable":true,"href":"https:\/\/www.sincomam.org.br\/index.php\/wp-json\/wp\/v2\/media\/4139"}],"wp:attachment":[{"href":"https:\/\/www.sincomam.org.br\/index.php\/wp-json\/wp\/v2\/media?parent=4282"}],"wp:term":[{"taxonomy":"category","embeddable":true,"href":"https:\/\/www.sincomam.org.br\/index.php\/wp-json\/wp\/v2\/categories?post=4282"},{"taxonomy":"post_tag","embeddable":true,"href":"https:\/\/www.sincomam.org.br\/index.php\/wp-json\/wp\/v2\/tags?post=4282"}],"curies":[{"name":"wp","href":"https:\/\/api.w.org\/{rel}","templated":true}]}}