{"id":42814,"date":"2022-12-12T09:14:36","date_gmt":"2022-12-12T12:14:36","guid":{"rendered":"http:\/\/www.sincomam.org.br\/?p=42814"},"modified":"2022-12-12T09:14:36","modified_gmt":"2022-12-12T12:14:36","slug":"lula-deve-receber-sinal-verde-do-tcu-para-privatizacao-do-porto-de-santos","status":"publish","type":"post","link":"https:\/\/www.sincomam.org.br\/index.php\/lula-deve-receber-sinal-verde-do-tcu-para-privatizacao-do-porto-de-santos\/","title":{"rendered":"Lula deve receber sinal verde do TCU para privatiza\u00e7\u00e3o do porto de Santos"},"content":{"rendered":"<div class=\"entry-header\">\n<p>A privatiza\u00e7\u00e3o do porto de Santos deve ser aprovada pelo Tribunal de Contas da Uni\u00e3o (TCU) na pr\u00f3xima semana com ressalvas. O relator, ministro Bruno Dantas, foi eleito presidente do tribunal e o caso ser\u00e1 seu \u00faltimo processo a ser colocado em vota\u00e7\u00e3o no plen\u00e1rio na pr\u00f3xima ter\u00e7a-feira (13).<\/p>\n<p>Embora os auditores tenham feito cr\u00edticas \u00e0 modelagem proposta, recomendaram a aprova\u00e7\u00e3o. Afirmam que h\u00e1 maioria no plen\u00e1rio, mas h\u00e1 chances de um ministro pe\u00e7a vista, o que paralisaria o julgamento.<\/p>\n<p>Segundo relatos, em seu voto, Dantas considera a mudan\u00e7a de governo. Por isso, recomendar\u00e1 que o futuro ministro da \u00e1rea acompanhe o desempenho dos portos j\u00e1 privatizados \u2014de menor porte\u2014 para, posteriormente, avan\u00e7ar com Santos. A ideia \u00e9 deixar para Lula o projeto liberado para que o governo eleito decida o rumo a ser tomado.<\/p>\n<p>O modelo a ser aprovado pelo TCU prev\u00ea cerca de R$ 30 bilh\u00f5es em investimentos privados.<\/p>\n<p>O projeto foi conduzido pelo ex-ministro da Infraestrutura, Tarc\u00edsio de Freitas, eleito governador de S\u00e3o Paulo.<br \/>\nA privatiza\u00e7\u00e3o de Santos estava ligada \u00e0s concess\u00f5es ferrovi\u00e1rias \u2014especialmente as que chegam ao porto. Ao terem suas renova\u00e7\u00f5es contratuais repactuadas na gest\u00e3o de Tarc\u00edsio, os concession\u00e1rios se comprometeram a realizar mais investimentos na amplia\u00e7\u00e3o da capacidade de transporte de cargas.<\/p>\n<p>Fonte: Folha SP<\/p>\n<\/div>\n<div class=\"article-info-area\">\n<div class=\"article-info-wrapper\"><\/div>\n<\/div>\n","protected":false},"excerpt":{"rendered":"<p>A privatiza\u00e7\u00e3o do porto de Santos deve ser aprovada pelo Tribunal de Contas da Uni\u00e3o (TCU) na pr\u00f3xima semana com ressalvas. O relator, ministro Bruno&#8230;<\/p>\n","protected":false},"author":1527,"featured_media":42102,"comment_status":"closed","ping_status":"closed","sticky":false,"template":"","format":"standard","meta":{"footnotes":""},"categories":[6],"tags":[],"class_list":["post-42814","post","type-post","status-publish","format-standard","has-post-thumbnail","hentry","category-noticias"],"_links":{"self":[{"href":"https:\/\/www.sincomam.org.br\/index.php\/wp-json\/wp\/v2\/posts\/42814","targetHints":{"allow":["GET"]}}],"collection":[{"href":"https:\/\/www.sincomam.org.br\/index.php\/wp-json\/wp\/v2\/posts"}],"about":[{"href":"https:\/\/www.sincomam.org.br\/index.php\/wp-json\/wp\/v2\/types\/post"}],"author":[{"embeddable":true,"href":"https:\/\/www.sincomam.org.br\/index.php\/wp-json\/wp\/v2\/users\/1527"}],"replies":[{"embeddable":true,"href":"https:\/\/www.sincomam.org.br\/index.php\/wp-json\/wp\/v2\/comments?post=42814"}],"version-history":[{"count":1,"href":"https:\/\/www.sincomam.org.br\/index.php\/wp-json\/wp\/v2\/posts\/42814\/revisions"}],"predecessor-version":[{"id":42815,"href":"https:\/\/www.sincomam.org.br\/index.php\/wp-json\/wp\/v2\/posts\/42814\/revisions\/42815"}],"wp:featuredmedia":[{"embeddable":true,"href":"https:\/\/www.sincomam.org.br\/index.php\/wp-json\/wp\/v2\/media\/42102"}],"wp:attachment":[{"href":"https:\/\/www.sincomam.org.br\/index.php\/wp-json\/wp\/v2\/media?parent=42814"}],"wp:term":[{"taxonomy":"category","embeddable":true,"href":"https:\/\/www.sincomam.org.br\/index.php\/wp-json\/wp\/v2\/categories?post=42814"},{"taxonomy":"post_tag","embeddable":true,"href":"https:\/\/www.sincomam.org.br\/index.php\/wp-json\/wp\/v2\/tags?post=42814"}],"curies":[{"name":"wp","href":"https:\/\/api.w.org\/{rel}","templated":true}]}}