{"id":42804,"date":"2022-12-09T11:39:50","date_gmt":"2022-12-09T14:39:50","guid":{"rendered":"http:\/\/www.sincomam.org.br\/?p=42804"},"modified":"2022-12-09T11:39:50","modified_gmt":"2022-12-09T14:39:50","slug":"documento-que-pede-retomada-do-polo-naval-e-entregue-a-transicao","status":"publish","type":"post","link":"https:\/\/www.sincomam.org.br\/index.php\/documento-que-pede-retomada-do-polo-naval-e-entregue-a-transicao\/","title":{"rendered":"Documento que pede retomada do Polo Naval \u00e9 entregue \u00e0 transi\u00e7\u00e3o"},"content":{"rendered":"<p>Liderado pelo deputado federal eleito Alexandre Lindenmeyer (PT), um grupo de representantes do Polo Naval de\u00a0<strong>Rio Grande<\/strong>\u00a0entregou ao governo de transi\u00e7\u00e3o, na tarde desta ter\u00e7a-feira (6), em Bras\u00edlia, uma s\u00e9rie de propostas e estrat\u00e9gias para a retomada do setor, que viveu seu auge no come\u00e7o dos anos 2010, mas acabou sendo praticamente extinto ap\u00f3s casos de corrup\u00e7\u00e3o revelados pela Opera\u00e7\u00e3o Lava Jato.<\/p>\n<p>Al\u00e9m de Lindenmeyer, v\u00e1rias entidades e sindicatos participaram da reuni\u00e3o com a equipe de transi\u00e7\u00e3o. O documento, chamado &#8220;Agenda de diretrizes para a retomada do setor naval&#8221;, foi entregue ao grupo t\u00e9cnico (GT) de Infraestrutura, coordenado pela ex-ministra do Planejamento Miriam Belchior. A inten\u00e7\u00e3o \u00e9 fazer com que o novo governo de Luiz In\u00e1cio Lula da Silva (PT) volte a olhar para o setor e para a regi\u00e3o, possibilitando a gera\u00e7\u00e3o de empregos e renda.<\/p>\n<p>O registro resgata a estagna\u00e7\u00e3o socioecon\u00f4mica da Metade Sul no final dos anos 90, relembra o que o deputado considera &#8220;auge da regi\u00e3o durante os governos do PT&#8221;, fala sobre o fim do Polo Naval, o desemprego e encerra com as diretrizes para a retomada.<\/p>\n<p>&#8220;Nos foi dito de forma muito enf\u00e1tica que o setor naval vai ser fortalecido a partir de 2023 e que \u00e9 uma das prioridades do presidente Lula. Pela capacidade que tem de gera\u00e7\u00e3o de empregos, de valoriza\u00e7\u00e3o da ind\u00fastria nacional, da cadeia de fornecedores de bens, pois n\u00e3o \u00e9 s\u00f3 o estaleiro, \u00e9 tudo que est\u00e1 ligado a todos os setores&#8221;, disse Lindenmeyer ao DP logo ap\u00f3s a reuni\u00e3o.<\/p>\n<p>O documento sugere uma s\u00e9rie de itens, entre eles est\u00e3o: a retomada de uma pol\u00edtica para o setor naval nacional, impulsionar as atividades do setor, como o retorno de obras paradas, utiliza\u00e7\u00e3o do poder de compra estatal e estimular o desenvolvimento da cadeia produtiva. Respeito aos direitos e condi\u00e7\u00f5es de trabalho e a revoga\u00e7\u00e3o da Lei 14.301\/22, conhecida como &#8220;BR do Mar&#8221;, que flexibiliza o afretamento de embarca\u00e7\u00f5es estrangeiras para serem usadas no transporte de cargas na cabotagem brasileira tamb\u00e9m aparecem na nota.<\/p>\n<p><strong>Energia e\u00f3lica tamb\u00e9m citada<\/strong><br \/>\nOutro ponto tratado no encontro com integrantes do governo de transi\u00e7\u00e3o foi a gera\u00e7\u00e3o de energia e\u00f3lica, tanto\u00a0<em>onshore<\/em>\u00a0(em terra) quanto\u00a0<em>offshore\u00a0<\/em>(no mar). &#8220;Tamb\u00e9m s\u00e3o oportunidades que surgem e entraram na pauta&#8221;, afirmou Lindenmeyer. &#8220;O bom \u00e9 que n\u00e3o fomos s\u00f3 ouvidos, mas tamb\u00e9m tivemos uma fala muito direta sobre nossas demandas&#8221;, completou.\u200b<\/p>\n<p>Fonte: Di\u00e1rio Popular<\/p>\n","protected":false},"excerpt":{"rendered":"<p>Liderado pelo deputado federal eleito Alexandre Lindenmeyer (PT), um grupo de representantes do Polo Naval de\u00a0Rio Grande\u00a0entregou ao governo de transi\u00e7\u00e3o, na tarde desta ter\u00e7a-feira&#8230;<\/p>\n","protected":false},"author":1527,"featured_media":42805,"comment_status":"closed","ping_status":"closed","sticky":false,"template":"","format":"standard","meta":{"footnotes":""},"categories":[6],"tags":[],"class_list":["post-42804","post","type-post","status-publish","format-standard","has-post-thumbnail","hentry","category-noticias"],"_links":{"self":[{"href":"https:\/\/www.sincomam.org.br\/index.php\/wp-json\/wp\/v2\/posts\/42804","targetHints":{"allow":["GET"]}}],"collection":[{"href":"https:\/\/www.sincomam.org.br\/index.php\/wp-json\/wp\/v2\/posts"}],"about":[{"href":"https:\/\/www.sincomam.org.br\/index.php\/wp-json\/wp\/v2\/types\/post"}],"author":[{"embeddable":true,"href":"https:\/\/www.sincomam.org.br\/index.php\/wp-json\/wp\/v2\/users\/1527"}],"replies":[{"embeddable":true,"href":"https:\/\/www.sincomam.org.br\/index.php\/wp-json\/wp\/v2\/comments?post=42804"}],"version-history":[{"count":1,"href":"https:\/\/www.sincomam.org.br\/index.php\/wp-json\/wp\/v2\/posts\/42804\/revisions"}],"predecessor-version":[{"id":42806,"href":"https:\/\/www.sincomam.org.br\/index.php\/wp-json\/wp\/v2\/posts\/42804\/revisions\/42806"}],"wp:featuredmedia":[{"embeddable":true,"href":"https:\/\/www.sincomam.org.br\/index.php\/wp-json\/wp\/v2\/media\/42805"}],"wp:attachment":[{"href":"https:\/\/www.sincomam.org.br\/index.php\/wp-json\/wp\/v2\/media?parent=42804"}],"wp:term":[{"taxonomy":"category","embeddable":true,"href":"https:\/\/www.sincomam.org.br\/index.php\/wp-json\/wp\/v2\/categories?post=42804"},{"taxonomy":"post_tag","embeddable":true,"href":"https:\/\/www.sincomam.org.br\/index.php\/wp-json\/wp\/v2\/tags?post=42804"}],"curies":[{"name":"wp","href":"https:\/\/api.w.org\/{rel}","templated":true}]}}