{"id":42792,"date":"2022-12-09T09:09:53","date_gmt":"2022-12-09T12:09:53","guid":{"rendered":"http:\/\/www.sincomam.org.br\/?p=42792"},"modified":"2022-12-09T09:09:53","modified_gmt":"2022-12-09T12:09:53","slug":"marinha-e-ifes-piuma-promovem-evento-de-qualificacao-para-o-ensino-profissional-maritimo","status":"publish","type":"post","link":"https:\/\/www.sincomam.org.br\/index.php\/marinha-e-ifes-piuma-promovem-evento-de-qualificacao-para-o-ensino-profissional-maritimo\/","title":{"rendered":"Marinha e IFES-Pi\u00fama promovem evento de qualifica\u00e7\u00e3o para o Ensino Profissional Mar\u00edtimo"},"content":{"rendered":"<p>Militares da Capitania dos Portos do Esp\u00edrito Santo (CPES) ministraram, nos dias 29 e 30 de novembro, palestras sobre \u201cPreven\u00e7\u00e3o e combate a inc\u00eandio\u201d e \u201cT\u00e9cnicas de Sobreviv\u00eancia pessoal\u201d para o Ensino Profissional Mar\u00edtimo (EPM), no Instituto Federal do Esp\u00edrito Santo (IFES) \u2013 Campos Pi\u00fama (ES).<\/p>\n<p>O evento promoveu, para 15 professores, um conhecimento mais t\u00e9cnico aos integrantes do Instituto para ministrarem o Curso de Forma\u00e7\u00e3o de Aquavi\u00e1rios \u2013 Pescador Profissional N\u00edvel 1 e \u2013 CFAQ-POP1\/MOP1, sob a supervis\u00e3o da CPES. O encontro faz parte do Plano de Trabalho do Acordo de Coopera\u00e7\u00e3o T\u00e9cnica, firmado entre a Diretoria de Portos e Costas (DPC) e o IFES-Pi\u00fama, com validade at\u00e9 2027.<\/p>\n<div class=\"td-a-rec td-a-rec-id-content_inline td_uid_2_6391e0f63c5a5_rand td_block_template_11\">\n<p>O acordo \u00e9 mais uma oportunidade que as institui\u00e7\u00f5es proporcionam pela busca da excel\u00eancia do Ensino Profissional Mar\u00edtimo, demonstrando a preocupa\u00e7\u00e3o da Marinha em consolidar a mentalidade mar\u00edtima na sociedade capixaba.<\/p>\n<\/div>\n<p>Fonte: Defesa em Foco<\/p>\n","protected":false},"excerpt":{"rendered":"<p>Militares da Capitania dos Portos do Esp\u00edrito Santo (CPES) ministraram, nos dias 29 e 30 de novembro, palestras sobre \u201cPreven\u00e7\u00e3o e combate a inc\u00eandio\u201d e&#8230;<\/p>\n","protected":false},"author":1527,"featured_media":42793,"comment_status":"closed","ping_status":"closed","sticky":false,"template":"","format":"standard","meta":{"footnotes":""},"categories":[6],"tags":[],"class_list":["post-42792","post","type-post","status-publish","format-standard","has-post-thumbnail","hentry","category-noticias"],"_links":{"self":[{"href":"https:\/\/www.sincomam.org.br\/index.php\/wp-json\/wp\/v2\/posts\/42792","targetHints":{"allow":["GET"]}}],"collection":[{"href":"https:\/\/www.sincomam.org.br\/index.php\/wp-json\/wp\/v2\/posts"}],"about":[{"href":"https:\/\/www.sincomam.org.br\/index.php\/wp-json\/wp\/v2\/types\/post"}],"author":[{"embeddable":true,"href":"https:\/\/www.sincomam.org.br\/index.php\/wp-json\/wp\/v2\/users\/1527"}],"replies":[{"embeddable":true,"href":"https:\/\/www.sincomam.org.br\/index.php\/wp-json\/wp\/v2\/comments?post=42792"}],"version-history":[{"count":1,"href":"https:\/\/www.sincomam.org.br\/index.php\/wp-json\/wp\/v2\/posts\/42792\/revisions"}],"predecessor-version":[{"id":42794,"href":"https:\/\/www.sincomam.org.br\/index.php\/wp-json\/wp\/v2\/posts\/42792\/revisions\/42794"}],"wp:featuredmedia":[{"embeddable":true,"href":"https:\/\/www.sincomam.org.br\/index.php\/wp-json\/wp\/v2\/media\/42793"}],"wp:attachment":[{"href":"https:\/\/www.sincomam.org.br\/index.php\/wp-json\/wp\/v2\/media?parent=42792"}],"wp:term":[{"taxonomy":"category","embeddable":true,"href":"https:\/\/www.sincomam.org.br\/index.php\/wp-json\/wp\/v2\/categories?post=42792"},{"taxonomy":"post_tag","embeddable":true,"href":"https:\/\/www.sincomam.org.br\/index.php\/wp-json\/wp\/v2\/tags?post=42792"}],"curies":[{"name":"wp","href":"https:\/\/api.w.org\/{rel}","templated":true}]}}