{"id":4279,"date":"2014-03-18T08:57:26","date_gmt":"2014-03-18T11:57:26","guid":{"rendered":"http:\/\/www.sincomam.org.br\/?p=4279"},"modified":"2014-03-18T08:57:38","modified_gmt":"2014-03-18T11:57:38","slug":"fiscais-interditam-plataforma-da-petrobras-na-bacia-de-campos","status":"publish","type":"post","link":"https:\/\/www.sincomam.org.br\/index.php\/fiscais-interditam-plataforma-da-petrobras-na-bacia-de-campos\/","title":{"rendered":"Fiscais interditam plataforma da Petrobras na Bacia de Campos"},"content":{"rendered":"<p>Dois meses depois de ter ocorrido um inc\u00eandio na plataforma P-62, na Bacia de Campos, a unidade ainda estava, at\u00e9 a semana passada, com o sistema de combate a inc\u00eandio deficiente.<\/p>\n<p>Esta e outras irregularidades levaram fiscais do Minist\u00e9rio do Trabalho a interditar a embarca\u00e7\u00e3o, que tem 162 trabalhadores a bordo.<\/p>\n<p>Segundo a superintend\u00eancia do minist\u00e9rio no Rio, que enviou equipe \u00e0 plataforma por dois dias, a interdi\u00e7\u00e3o, na pr\u00e1tica, impede que a plataforma produza petr\u00f3leo, mas a unidade s\u00f3 deve entrar em opera\u00e7\u00e3o no segundo trimestre.<\/p>\n<p><strong>N\u00e3o houve determina\u00e7\u00e3o para desembarque dos trabalhadores<\/strong><\/p>\n<p>A plataforma foi lan\u00e7ada ao mar ao fim de dezembro sem ter tido sua constru\u00e7\u00e3o conclu\u00edda, denunciam trabalhadores. Em 11 de janeiro, houve um inc\u00eandio a bordo, sem feridos.<\/p>\n<p>No sistema de inc\u00eandio, n\u00e3o estavam operantes a bomba de \u00e1gua acionada em caso de fogo, detectores de fuma\u00e7a, \u201csprinklers\u201d (equipamentos instalados no teto que despejam \u00e1gua em caso de fuma\u00e7a) e alarmes.<\/p>\n<p>Havia, ainda, problemas burocr\u00e1ticos, como a n\u00e3o comprova\u00e7\u00e3o de qualifica\u00e7\u00e3o de funcion\u00e1rios para operar diversos equipamentos.<\/p>\n<p>A interdi\u00e7\u00e3o permanece at\u00e9 que a Petrobras comprove ter resolvido as pend\u00eancias.<\/p>\n<p>A Petrobras informou que o epis\u00f3dio n\u00e3o atrasar\u00e1 o in\u00edcio da produ\u00e7\u00e3o e que a embarca\u00e7\u00e3o saiu do estaleiro Atl\u00e2ntico Sul, em Pernambuco, com todas as autoriza\u00e7\u00f5es e licen\u00e7as para partida at\u00e9 o local onde foi instalada.<\/p>\n<p>(Fonte: Valor Econ\u00f4micoFolhapress)<\/p>\n","protected":false},"excerpt":{"rendered":"<p>Dois meses depois de ter ocorrido um inc\u00eandio na plataforma P-62, na Bacia de Campos, a unidade ainda estava, at\u00e9 a semana passada, com o&#8230;<\/p>\n","protected":false},"author":1182,"featured_media":4280,"comment_status":"closed","ping_status":"closed","sticky":false,"template":"","format":"standard","meta":{"footnotes":""},"categories":[6],"tags":[114,361,751,115,750,749],"class_list":["post-4279","post","type-post","status-publish","format-standard","has-post-thumbnail","hentry","category-noticias","tag-acidente","tag-bacia-de-campos","tag-fiscais","tag-incendio","tag-interditada","tag-plataforma-p-62"],"_links":{"self":[{"href":"https:\/\/www.sincomam.org.br\/index.php\/wp-json\/wp\/v2\/posts\/4279","targetHints":{"allow":["GET"]}}],"collection":[{"href":"https:\/\/www.sincomam.org.br\/index.php\/wp-json\/wp\/v2\/posts"}],"about":[{"href":"https:\/\/www.sincomam.org.br\/index.php\/wp-json\/wp\/v2\/types\/post"}],"author":[{"embeddable":true,"href":"https:\/\/www.sincomam.org.br\/index.php\/wp-json\/wp\/v2\/users\/1182"}],"replies":[{"embeddable":true,"href":"https:\/\/www.sincomam.org.br\/index.php\/wp-json\/wp\/v2\/comments?post=4279"}],"version-history":[{"count":1,"href":"https:\/\/www.sincomam.org.br\/index.php\/wp-json\/wp\/v2\/posts\/4279\/revisions"}],"predecessor-version":[{"id":4281,"href":"https:\/\/www.sincomam.org.br\/index.php\/wp-json\/wp\/v2\/posts\/4279\/revisions\/4281"}],"wp:featuredmedia":[{"embeddable":true,"href":"https:\/\/www.sincomam.org.br\/index.php\/wp-json\/wp\/v2\/media\/4280"}],"wp:attachment":[{"href":"https:\/\/www.sincomam.org.br\/index.php\/wp-json\/wp\/v2\/media?parent=4279"}],"wp:term":[{"taxonomy":"category","embeddable":true,"href":"https:\/\/www.sincomam.org.br\/index.php\/wp-json\/wp\/v2\/categories?post=4279"},{"taxonomy":"post_tag","embeddable":true,"href":"https:\/\/www.sincomam.org.br\/index.php\/wp-json\/wp\/v2\/tags?post=4279"}],"curies":[{"name":"wp","href":"https:\/\/api.w.org\/{rel}","templated":true}]}}