{"id":42775,"date":"2022-12-08T09:55:51","date_gmt":"2022-12-08T12:55:51","guid":{"rendered":"http:\/\/www.sincomam.org.br\/?p=42775"},"modified":"2022-12-08T09:55:51","modified_gmt":"2022-12-08T12:55:51","slug":"casco-do-antigo-porta-avioes-troca-de-rebocador-mas-segue-sem-poder-atracar","status":"publish","type":"post","link":"https:\/\/www.sincomam.org.br\/index.php\/casco-do-antigo-porta-avioes-troca-de-rebocador-mas-segue-sem-poder-atracar\/","title":{"rendered":"Casco do antigo porta-avi\u00f5es troca de rebocador, mas segue sem poder atracar"},"content":{"rendered":"<div id=\"chunk-b5630\">\n<div class=\"mc-column content-text active-extra-styles \" data-block-type=\"unstyled\" data-block-weight=\"36\" data-block-id=\"3\">\n<p class=\"content-text__container \" data-track-category=\"Link no Texto\" data-track-links=\"\">O casco do porta-avi\u00f5es S\u00e3o Paulo,\u00a0proibido pela Justi\u00e7a Federal de atracar em Pernambuco\u00a0por ter subst\u00e2ncia t\u00f3xica (amianto) a bordo e oferecer perigo para o meio ambiente, trocou de rebocador na manh\u00e3 do s\u00e1bado (3).<\/p>\n<\/div>\n<\/div>\n<div class=\"wall protected-content\">\n<div id=\"chunk-81vc7\">\n<div class=\"mc-column content-text active-extra-styles \" data-block-type=\"unstyled\" data-block-weight=\"47\" data-block-id=\"4\">\n<p class=\"content-text__container \" data-track-category=\"Link no Texto\" data-track-links=\"\">De acordo com\u00a0o site Marine Traffic, que faz o monitoramento via sat\u00e9lite de todo o tr\u00e1fego mar\u00edtimo global, o rebocador ALP Centre, que vagou por meses no Oceano Atl\u00e2ntico, foi substitu\u00eddo pelo ALP Guard. Ambos os rebocadores pertencem \u00e0 transportadora MSK Maritime Services &amp; Trading.<\/p>\n<div id=\"chunk-45ucs\">\n<div class=\"mc-column content-text active-extra-styles \" data-block-type=\"unstyled\" data-block-weight=\"39\" data-block-id=\"6\">\n<p class=\"content-text__container \" data-track-category=\"Link no Texto\" data-track-links=\"\">A empresa turca Sok Denizcilik ve Ticaret, que comprou o casco do porta-avi\u00f5es em 2021 e contratou os rebocadores da MSK, solicitou, no dia 1\u00ba de dezembro, informa\u00e7\u00f5es \u00e0 Capitania dos Portos sobre as recomenda\u00e7\u00f5es para a transfer\u00eancia.<\/p>\n<\/div>\n<\/div>\n<div id=\"chunk-11tsg\">\n<div class=\"tag-manager-publicidade-container mc-has-reveal mc-has-ad-lazyload tag-manager-publicidade-banner_materia2 tag-manager-publicidade-container--carregado tag-manager-publicidade-container--visivel\" data-id=\"banner_materia2\" data-google-query-id=\"CNi154qI6vsCFQy8lQIdlBoH5A\">\n<div id=\"chunk-4975j\">\n<div class=\"mc-column content-text active-extra-styles \" data-block-type=\"unstyled\" data-block-weight=\"35\" data-block-id=\"8\">\n<p class=\"content-text__container \" data-track-category=\"Link no Texto\" data-track-links=\"\">O advogado especialista em direito mar\u00edtimo Zilan Costa e Silva, que\u00a0representa a empresa turca, informou que\u00a0<span class=\"highlight highlighted\">a troca foi realizada por medida de seguran\u00e7a da navega\u00e7\u00e3o e da prote\u00e7\u00e3o da vida humana no mar<\/span>.<\/p>\n<\/div>\n<\/div>\n<div id=\"chunk-d45aq\">\n<div class=\"mc-column content-text active-extra-styles \" data-block-type=\"unstyled\" data-block-weight=\"44\" data-block-id=\"9\">\n<p class=\"content-text__container \" data-track-category=\"Link no Texto\" data-track-links=\"\">Ainda segundo ele, o ALP Centre partiu rumo ao\u00a0Rio de Janeiro,\u00a0para onde deveria ter retornado\u00a0desde que foi proibido de entrar na\u00a0Turquia. Zilan afirmou que\u00a0<span class=\"highlight highlighted\">o casco do porta-avi\u00f5es S\u00e3o Paulo permanece na costa pernambucana, sendo acompanhado pela Marinha do Brasil<\/span>.<\/p>\n<div id=\"chunk-e6q1o\">\n<div class=\"mc-column content-text active-extra-styles \" data-block-type=\"unstyled\" data-block-weight=\"49\" data-block-id=\"11\">\n<p class=\"content-text__container \" data-track-category=\"Link no Texto\" data-track-links=\"\">&#8220;A substitui\u00e7\u00e3o do rebocador e de toda a tripula\u00e7\u00e3o foi realizada por medida de seguran\u00e7a. A situa\u00e7\u00e3o de combust\u00edvel do rebocador ALP Centre que foi acompanhada, diariamente, pela Capitania dos Portos de Pernambuco, \u00e9 delicada. Por conta disso, ele segue para ser abastecido no Rio de Janeiro\u201d, contou.<\/p>\n<\/div>\n<\/div>\n<div id=\"chunk-1189n\">\n<div class=\"content-ads content-ads--reveal\" data-block-type=\"ads\" data-block-id=\"12\">\n<div id=\"banner_materia__824a29dd-b979-43bd-a3cd-f11d0bb72f95\" class=\"tag-manager-publicidade-container mc-has-reveal mc-has-ad-lazyload tag-manager-publicidade-banner_materia__824a29dd-b979-43bd-a3cd-f11d0bb72f95 tag-manager-publicidade-container--carregado tag-manager-publicidade-container--visivel\" data-id=\"banner_materia__824a29dd-b979-43bd-a3cd-f11d0bb72f95\" data-google-query-id=\"CKbRmZKI6vsCFd66lQIdeEMKFg\">\n<div id=\"chunk-ccesp\">\n<div class=\"mc-column content-text active-extra-styles \" data-block-type=\"unstyled\" data-block-weight=\"35\" data-block-id=\"13\">\n<p class=\"content-text__container \" data-track-category=\"Link no Texto\" data-track-links=\"\">A MSK Maritime Services &amp; Trading, em nota, refor\u00e7ou que a medida por tomada por cautela e que os rebocadores &#8220;s\u00e3o da mesma empresa e exatamente iguais, sendo o atual um ano mais novo&#8221;.<\/p>\n<\/div>\n<\/div>\n<div id=\"chunk-adq6q\">\n<div class=\"mc-column content-text active-extra-styles \" data-block-type=\"unstyled\" data-block-weight=\"27\" data-block-id=\"14\">\n<p class=\"content-text__container \" data-track-category=\"Link no Texto\" data-track-links=\"\">A empresa tamb\u00e9m afirmou que cumpre a &#8220;obriga\u00e7\u00e3o de transporte da embarca\u00e7\u00e3o&#8221; e que aguarda a defini\u00e7\u00e3o das autoridades sobre o local de destino do navio.<\/p>\n<\/div>\n<\/div>\n<div id=\"chunk-8r865\">\n<div class=\"mc-column content-text active-extra-styles \" data-block-type=\"unstyled\" data-block-weight=\"48\" data-block-id=\"15\">\n<p class=\"content-text__container \" data-track-category=\"Link no Texto\" data-track-links=\"\">&#8220;A empresa reitera que possui todos os relat\u00f3rios de especialistas em materiais perigosos independentes, credenciados globalmente, fornecidos pelo propriet\u00e1rio e aprovados pelo Ibama, atestando sua impossibilidade de fazer qualquer mal ao meio ambiente e \u00e0 sa\u00fade no estado em que se encontra&#8221;, disse ainda a MSK no texto.<\/p>\n<\/div>\n<\/div>\n<div id=\"chunk-fsba1\">\n<div class=\"mc-column content-text active-extra-styles \" data-block-type=\"unstyled\" data-block-weight=\"51\" data-block-id=\"16\">\n<p class=\"content-text__container \" data-track-category=\"Link no Texto\" data-track-links=\"\">Neste domingo (4), o\u00a0G1\u00a0entrou em contato com a Marinha do Brasil para obter informa\u00e7\u00f5es sobre a troca dos rebocadores, mas n\u00e3o recebeu resposta at\u00e9 a \u00faltima atualiza\u00e7\u00e3o desta reportagem. Tamb\u00e9m procurou o governo de Pernambuco, que informou que \u201co navio continua sem permiss\u00e3o de atraca\u00e7\u00e3o e segue em alto-mar\u201d.<\/p>\n<p data-track-category=\"Link no Texto\" data-track-links=\"\">Fonte: G1<\/p>\n<\/div>\n<\/div>\n<\/div>\n<\/div>\n<\/div>\n<\/div>\n<\/div>\n<\/div>\n<\/div>\n<\/div>\n<\/div>\n<\/div>\n","protected":false},"excerpt":{"rendered":"<p>O casco do porta-avi\u00f5es S\u00e3o Paulo,\u00a0proibido pela Justi\u00e7a Federal de atracar em Pernambuco\u00a0por ter subst\u00e2ncia t\u00f3xica (amianto) a bordo e oferecer perigo para o meio&#8230;<\/p>\n","protected":false},"author":1527,"featured_media":42776,"comment_status":"closed","ping_status":"closed","sticky":false,"template":"","format":"standard","meta":{"footnotes":""},"categories":[6],"tags":[],"class_list":["post-42775","post","type-post","status-publish","format-standard","has-post-thumbnail","hentry","category-noticias"],"_links":{"self":[{"href":"https:\/\/www.sincomam.org.br\/index.php\/wp-json\/wp\/v2\/posts\/42775","targetHints":{"allow":["GET"]}}],"collection":[{"href":"https:\/\/www.sincomam.org.br\/index.php\/wp-json\/wp\/v2\/posts"}],"about":[{"href":"https:\/\/www.sincomam.org.br\/index.php\/wp-json\/wp\/v2\/types\/post"}],"author":[{"embeddable":true,"href":"https:\/\/www.sincomam.org.br\/index.php\/wp-json\/wp\/v2\/users\/1527"}],"replies":[{"embeddable":true,"href":"https:\/\/www.sincomam.org.br\/index.php\/wp-json\/wp\/v2\/comments?post=42775"}],"version-history":[{"count":1,"href":"https:\/\/www.sincomam.org.br\/index.php\/wp-json\/wp\/v2\/posts\/42775\/revisions"}],"predecessor-version":[{"id":42777,"href":"https:\/\/www.sincomam.org.br\/index.php\/wp-json\/wp\/v2\/posts\/42775\/revisions\/42777"}],"wp:featuredmedia":[{"embeddable":true,"href":"https:\/\/www.sincomam.org.br\/index.php\/wp-json\/wp\/v2\/media\/42776"}],"wp:attachment":[{"href":"https:\/\/www.sincomam.org.br\/index.php\/wp-json\/wp\/v2\/media?parent=42775"}],"wp:term":[{"taxonomy":"category","embeddable":true,"href":"https:\/\/www.sincomam.org.br\/index.php\/wp-json\/wp\/v2\/categories?post=42775"},{"taxonomy":"post_tag","embeddable":true,"href":"https:\/\/www.sincomam.org.br\/index.php\/wp-json\/wp\/v2\/tags?post=42775"}],"curies":[{"name":"wp","href":"https:\/\/api.w.org\/{rel}","templated":true}]}}