{"id":42766,"date":"2022-12-08T09:02:37","date_gmt":"2022-12-08T12:02:37","guid":{"rendered":"http:\/\/www.sincomam.org.br\/?p=42766"},"modified":"2022-12-08T09:02:37","modified_gmt":"2022-12-08T12:02:37","slug":"revisao-da-vida-toda-do-inss-atencao-para-nao-cair-em-golpes","status":"publish","type":"post","link":"https:\/\/www.sincomam.org.br\/index.php\/revisao-da-vida-toda-do-inss-atencao-para-nao-cair-em-golpes\/","title":{"rendered":"&#8216;Revis\u00e3o da vida toda&#8217; do INSS: aten\u00e7\u00e3o para n\u00e3o cair em golpes"},"content":{"rendered":"<div id=\"chunk-3iatt\">\n<div class=\"mc-column content-text active-extra-styles active-capital-letter\" data-block-type=\"unstyled\" data-block-weight=\"54\" data-block-id=\"2\">\n<p class=\"content-text__container theme-color-primary-first-letter\" data-track-category=\"Link no Texto\" data-track-links=\"\">O Supremo Tribunal Federal (STF) decidiu no dia 1\u00ba de dezembro que \u00e9 poss\u00edvel o segurado do Instituto Nacional do Seguro Social (INSS) usar todo o seu per\u00edodo de contribui\u00e7\u00e3o para o c\u00e1lculo do benef\u00edcio previdenci\u00e1rio, e n\u00e3o apenas os sal\u00e1rios recebidos depois de julho de 1994. \u00c9 a chamada\u00a0&#8220;revis\u00e3o da vida toda&#8221;.<\/p>\n<\/div>\n<\/div>\n<div class=\"wall protected-content\">\n<div id=\"chunk-anm8h\">\n<div class=\"mc-column content-text active-extra-styles \" data-block-type=\"unstyled\" data-block-weight=\"32\" data-block-id=\"3\">\n<p class=\"content-text__container \" data-track-category=\"Link no Texto\" data-track-links=\"\">Advogados previdenci\u00e1rios alertam que a revis\u00e3o s\u00f3 vale a pena para quem tinha altos sal\u00e1rios antes de 1994 e cujas contribui\u00e7\u00f5es, ao serem computadas na aposentadoria, far\u00e3o diferen\u00e7a no c\u00e1lculo do valor.<\/p>\n<\/div>\n<\/div>\n<div id=\"chunk-cuibj\">\n<div class=\"mc-column content-text active-extra-styles \" data-block-type=\"unstyled\" data-block-weight=\"30\" data-block-id=\"4\">\n<p class=\"content-text__container \" data-track-category=\"Link no Texto\" data-track-links=\"\">Mas, ap\u00f3s a decis\u00e3o do STF,\u00a0muitos segurados j\u00e1 est\u00e3o sendo assediados por empresas vendendo a tese como se fosse para todos, alerta o Instituto Brasileiro de Direito Previdenci\u00e1rio (IBDP).<\/p>\n<\/div>\n<\/div>\n<div id=\"chunk-59sfm\">\n<div class=\"mc-column content-text active-extra-styles \" data-block-type=\"unstyled\" data-block-weight=\"21\" data-block-id=\"5\">\n<p class=\"content-text__container \" data-track-category=\"Link no Texto\" data-track-links=\"\"><span class=\"highlight highlighted\">O instituto refor\u00e7a que o direito n\u00e3o se estende a todos os segurados \u2013 e \u00e9 preciso ter muito cuidado.<\/span><\/p>\n<div id=\"chunk-4utff\">\n<div class=\"mc-column content-text active-extra-styles \" data-block-type=\"unstyled\" data-block-weight=\"34\" data-block-id=\"9\">\n<p class=\"content-text__container \" data-track-category=\"Link no Texto\" data-track-links=\"\">De acordo com o advogado previdenci\u00e1rio Jo\u00e3o Badari, trabalhadores que ganhavam menos n\u00e3o ter\u00e3o vantagem \u2013 \u00e9 que se forem inclu\u00eddas as remunera\u00e7\u00f5es antigas de baixo valor, isso poder\u00e1 diminuir a aposentadoria recebida hoje.<\/p>\n<\/div>\n<\/div>\n<div id=\"chunk-15mem\">\n<div class=\"mc-column content-text active-extra-styles \" data-block-type=\"unstyled\" data-block-weight=\"33\" data-block-id=\"10\">\n<p class=\"content-text__container \" data-track-category=\"Link no Texto\" data-track-links=\"\">&#8220;Revis\u00e3o da vida toda \u00e9 uma a\u00e7\u00e3o de exce\u00e7\u00e3o. O segurado deve estar atento para n\u00e3o ser prejudicado. Al\u00e9m disso, \u00e9 preciso fazer os c\u00e1lculos, pois n\u00e3o compensa para todo o mundo&#8221;, afirma.<\/p>\n<div class=\"mc-column content-text active-extra-styles\" data-block-type=\"raw\" data-block-weight=\"6\" data-block-id=\"11\">\n<div class=\"content-intertitle\">\n<h2>O que fazer para evitar golpes?<\/h2>\n<\/div>\n<p>Veja os cuidados que o segurado deve ter para n\u00e3o cair em golpes, segundo o IBDP:<\/p>\n<\/div>\n<div class=\"mc-column content-text active-extra-styles\" data-block-type=\"raw\" data-block-weight=\"80\" data-block-id=\"13\">\n<ul class=\"content-unordered-list\">\n<li>N\u00e3o passe os dados pessoais por telefone: v\u00e1 pessoalmente ao local que est\u00e1 fazendo a abordagem e pesquise sobre a idoneidade dos profissionais envolvidos.<\/li>\n<li>Pe\u00e7a a ajuda de um profissional especializado para fazer os c\u00e1lculos e confira o valor a ser revisado.<\/li>\n<li>A decis\u00e3o do STF n\u00e3o obriga o INSS a fazer a revis\u00e3o administrativa. Assim, \u00e9 preciso ingressar com a\u00e7\u00e3o judicial. Para isso, conte com a ajuda de um advogado especialista em direito previdenci\u00e1rio caso queira entrar na Justi\u00e7a.<\/li>\n<\/ul>\n<p>Adriane Bramante alerta que poder\u00e3o revisar os benef\u00edcios apenas aqueles que tiveram o in\u00edcio dos pagamentos nos \u00faltimos 10 anos, em raz\u00e3o do chamado prazo decadencial. Pensionistas e quem recebeu aux\u00edlio-doen\u00e7a tamb\u00e9m podem ter direito \u00e0 revis\u00e3o\u00a0<em>(leia mais abaixo).<\/em><\/p>\n<\/div>\n<div id=\"chunk-a4tm8\">\n<div class=\"mc-column content-text active-extra-styles \" data-block-type=\"unstyled\" data-block-weight=\"41\" data-block-id=\"14\">\n<div id=\"chunk-151ue\">\n<div class=\"mc-column content-text active-extra-styles \" data-block-type=\"unstyled\" data-block-weight=\"36\" data-block-id=\"17\">\n<p class=\"content-text__container \" data-track-category=\"Link no Texto\" data-track-links=\"\">Celise Beltr\u00e3o, advogada especialista em direito previdenci\u00e1rio e s\u00f3cia e vice-diretora do Ingr\u00e1cio Advocacia, explica que o prazo decadencial come\u00e7a a partir do primeiro dia do m\u00eas seguinte em que come\u00e7ou a ser pago o benef\u00edcio.<\/p>\n<\/div>\n<\/div>\n<div id=\"chunk-7tl1r\">\n<div class=\"mc-column content-text active-extra-styles \" data-block-type=\"unstyled\" data-block-weight=\"65\" data-block-id=\"18\">\n<p class=\"content-text__container \" data-track-category=\"Link no Texto\" data-track-links=\"\">Por exemplo, se a data do in\u00edcio do benef\u00edcio foi em 24 de mar\u00e7o de 2019, mas a primeira parcela foi paga no dia 4 de abril de 2019, a contagem do prazo dos 10 anos come\u00e7ar\u00e1 em 1\u00ba de maio de 2019. Ou seja, o segurado ter\u00e1 at\u00e9 o dia 30 de abril de 2029 para fazer o pedido da revis\u00e3o da vida toda.<\/p>\n<\/div>\n<\/div>\n<div class=\"mc-column content-text active-extra-styles\" data-block-type=\"raw\" data-block-weight=\"3\" data-block-id=\"19\">\n<p class=\"content-text__container\"><strong>Quem pode pedir<\/strong><\/p>\n<p><strong>Podem pedir a revis\u00e3o da vida toda os segurados nas seguintes situa\u00e7\u00f5es:<\/strong><\/p>\n<\/div>\n<div class=\"mc-column content-text active-extra-styles\" data-block-type=\"raw\" data-block-weight=\"119\" data-block-id=\"21\">\n<ul class=\"content-unordered-list\">\n<li>Ter come\u00e7ado a contribuir com o INSS antes de julho de 1994<\/li>\n<li>Ter recebido os melhores sal\u00e1rios antes de julho de 1994<\/li>\n<li>Quem tenha poucas contribui\u00e7\u00f5es ou tenha come\u00e7ado a ganhar menos a partir de julho de 1994<\/li>\n<li>Ter aposentadoria com data de in\u00edcio entre 29\/11\/1999 e 12\/11\/2019, para que tenha havido a aplica\u00e7\u00e3o da regra de transi\u00e7\u00e3o contida no artigo 3\u00ba da Lei 9.876\/1999 \u2013 neste caso, a m\u00e9dia salarial calculada pelo INSS para pagar a aposentadoria foi feita com os 80% maiores sal\u00e1rios desde julho de 1994, quando o Plano Real passou a valer<\/li>\n<li>Benef\u00edcio precisa ter sido concedido h\u00e1 menos de 10 anos, a contar o primeiro dia do m\u00eas seguinte ao recebimento da primeira presta\u00e7\u00e3o<\/li>\n<\/ul>\n<\/div>\n<div id=\"chunk-6tq26\">\n<div class=\"mc-column content-text active-extra-styles \" data-block-type=\"unstyled\" data-block-weight=\"50\" data-block-id=\"23\">\n<p class=\"content-text__container \" data-track-category=\"Link no Texto\" data-track-links=\"\">Por exemplo, o segurado tem 20 anos de contribui\u00e7\u00e3o (com o valor de recolhimento perto do teto do INSS) antes de julho de 1994, e 10 anos de valores baixos ap\u00f3s essa data. Ser\u00e3o esses 20 anos de contribui\u00e7\u00f5es mais altas que far\u00e3o com que o benef\u00edcio suba de valor.<\/p>\n<\/div>\n<\/div>\n<div id=\"chunk-6ft8d\">\n<div class=\"mc-column content-text active-extra-styles \" data-block-type=\"unstyled\" data-block-weight=\"38\" data-block-id=\"24\">\n<p class=\"content-text__container \" data-track-category=\"Link no Texto\" data-track-links=\"\">Assim, se o segurado tem certeza que n\u00e3o corre o risco do prazo decadencial e acha que a inclus\u00e3o dos per\u00edodos anteriores a 1994 podem melhorar sua aposentadoria, deve organizar os documentos e fazer os c\u00e1lculos, ressalta Badari.<\/p>\n<\/div>\n<\/div>\n<div class=\"mc-column content-text active-extra-styles\" data-block-type=\"raw\" data-block-weight=\"5\" data-block-id=\"25\">\n<p class=\"content-text__container\"><strong>Quais benef\u00edcios podem ser revistos?<\/strong><\/p>\n<p><strong>Os benef\u00edcios do INSS que podem ser contemplados com a revis\u00e3o da vida toda s\u00e3o:<\/strong><\/p>\n<\/div>\n<div class=\"mc-column content-text active-extra-styles\" data-block-type=\"raw\" data-block-weight=\"22\" data-block-id=\"27\">\n<ul class=\"content-unordered-list\">\n<li>aposentadoria por idade<\/li>\n<li>aposentadoria por tempo de contribui\u00e7\u00e3o<\/li>\n<li>aposentadoria especial<\/li>\n<li>aposentadoria da pessoa com defici\u00eancia<\/li>\n<li>aposentadoria por invalidez<\/li>\n<li>pens\u00e3o por morte<\/li>\n<li>aux\u00edlio-doen\u00e7a<\/li>\n<\/ul>\n<p><strong>O que o segurado precisa fazer, segundo Celise Beltr\u00e3o:<\/strong><\/p>\n<\/div>\n<div class=\"mc-column content-text active-extra-styles\" data-block-type=\"raw\" data-block-weight=\"89\" data-block-id=\"29\">\n<ul class=\"content-unordered-list\">\n<li>Agende uma consulta previdenci\u00e1ria, com um advogado especialista em direito previdenci\u00e1rio e especialista em a\u00e7\u00f5es de revis\u00e3o da vida toda para verificar a documenta\u00e7\u00e3o e ver se tem mesmo o direito.<\/li>\n<li>Em caso positivo, contrate um advogado e junte toda a documenta\u00e7\u00e3o que comprove o direito.<\/li>\n<li>Entre com a a\u00e7\u00e3o judicial por meio do advogado previdenci\u00e1rio.<\/li>\n<li>O processo poder\u00e1 demorar de 2 a 3 anos para ser julgado. Mas o segurado receber\u00e1 os valores atrasados dos \u00faltimos 5 anos, a contar a data de entrada do processo judicial.<\/li>\n<\/ul>\n<p><strong>Para pedir a &#8220;revis\u00e3o da vida toda&#8221;, os segurados devem ingressar com uma a\u00e7\u00e3o levando em conta as seguintes situa\u00e7\u00f5es:<\/strong><\/p>\n<\/div>\n<div class=\"mc-column content-text active-extra-styles\" data-block-type=\"raw\" data-block-weight=\"26\" data-block-id=\"32\">\n<ul class=\"content-unordered-list\">\n<li>Juizado Especial Federal, quando o valor da causa \u00e9 at\u00e9 60 sal\u00e1rios m\u00ednimos<\/li>\n<li>Justi\u00e7a Federal, quando o valor da causa \u00e9 acima de 60 sal\u00e1rios m\u00ednimos.<\/li>\n<\/ul>\n<p><strong>O que acontece se ganhar a a\u00e7\u00e3o<\/strong><\/p>\n<\/div>\n<div class=\"mc-column content-text active-extra-styles\" data-block-type=\"raw\" data-block-weight=\"7\" data-block-id=\"33\">\n<p>O segurado do INSS que ganhar a a\u00e7\u00e3o ter\u00e1 direito a receber os atrasados dos \u00faltimos 5 anos e poder\u00e1 ainda ter um aumento no valor do benef\u00edcio mensal &#8211; mas nesse \u00faltimo caso depender\u00e1 dos valores de contribui\u00e7\u00e3o antes de julho de 1994.<\/p>\n<\/div>\n<div data-track-category=\"multicontent\" data-track-action=\"ultimo chunk conteudo\" data-track-noninteraction=\"false\" data-track-scroll=\"view\">\n<div id=\"chunk-1487a\">\n<div class=\"block-podcast\"><\/div>\n<\/div>\n<\/div>\n<\/div>\n<\/div>\n<\/div>\n<\/div>\n<\/div>\n<\/div>\n<\/div>\n","protected":false},"excerpt":{"rendered":"<p>O Supremo Tribunal Federal (STF) decidiu no dia 1\u00ba de dezembro que \u00e9 poss\u00edvel o segurado do Instituto Nacional do Seguro Social (INSS) usar todo&#8230;<\/p>\n","protected":false},"author":1527,"featured_media":31792,"comment_status":"closed","ping_status":"closed","sticky":false,"template":"","format":"standard","meta":{"footnotes":""},"categories":[6],"tags":[],"class_list":["post-42766","post","type-post","status-publish","format-standard","has-post-thumbnail","hentry","category-noticias"],"_links":{"self":[{"href":"https:\/\/www.sincomam.org.br\/index.php\/wp-json\/wp\/v2\/posts\/42766","targetHints":{"allow":["GET"]}}],"collection":[{"href":"https:\/\/www.sincomam.org.br\/index.php\/wp-json\/wp\/v2\/posts"}],"about":[{"href":"https:\/\/www.sincomam.org.br\/index.php\/wp-json\/wp\/v2\/types\/post"}],"author":[{"embeddable":true,"href":"https:\/\/www.sincomam.org.br\/index.php\/wp-json\/wp\/v2\/users\/1527"}],"replies":[{"embeddable":true,"href":"https:\/\/www.sincomam.org.br\/index.php\/wp-json\/wp\/v2\/comments?post=42766"}],"version-history":[{"count":1,"href":"https:\/\/www.sincomam.org.br\/index.php\/wp-json\/wp\/v2\/posts\/42766\/revisions"}],"predecessor-version":[{"id":42767,"href":"https:\/\/www.sincomam.org.br\/index.php\/wp-json\/wp\/v2\/posts\/42766\/revisions\/42767"}],"wp:featuredmedia":[{"embeddable":true,"href":"https:\/\/www.sincomam.org.br\/index.php\/wp-json\/wp\/v2\/media\/31792"}],"wp:attachment":[{"href":"https:\/\/www.sincomam.org.br\/index.php\/wp-json\/wp\/v2\/media?parent=42766"}],"wp:term":[{"taxonomy":"category","embeddable":true,"href":"https:\/\/www.sincomam.org.br\/index.php\/wp-json\/wp\/v2\/categories?post=42766"},{"taxonomy":"post_tag","embeddable":true,"href":"https:\/\/www.sincomam.org.br\/index.php\/wp-json\/wp\/v2\/tags?post=42766"}],"curies":[{"name":"wp","href":"https:\/\/api.w.org\/{rel}","templated":true}]}}