{"id":42752,"date":"2022-12-07T11:50:15","date_gmt":"2022-12-07T14:50:15","guid":{"rendered":"http:\/\/www.sincomam.org.br\/?p=42752"},"modified":"2022-12-07T11:50:15","modified_gmt":"2022-12-07T14:50:15","slug":"barco-brasileiro-que-transportava-46-toneladas-de-cocaina-e-interceptado-pela-marinha-da-franca","status":"publish","type":"post","link":"https:\/\/www.sincomam.org.br\/index.php\/barco-brasileiro-que-transportava-46-toneladas-de-cocaina-e-interceptado-pela-marinha-da-franca\/","title":{"rendered":"Barco brasileiro que transportava 4,6 toneladas de coca\u00edna \u00e9 interceptado pela Marinha da Fran\u00e7a"},"content":{"rendered":"<div id=\"chunk-9eco9\">\n<div class=\"mc-column content-text active-extra-styles \" data-block-type=\"unstyled\" data-block-weight=\"40\" data-block-id=\"3\">\n<p class=\"content-text__container \" data-track-category=\"Link no Texto\" data-track-links=\"\">Uma pequena embarca\u00e7\u00e3o brasileira transportando mais de 4,6 toneladas de coca\u00edna no valor de 150 milh\u00f5es de euros (cerca de R$ 824 milh\u00f5es) foi interceptada pela Marinha francesa, afirmou a Europol, a pol\u00edcia da Uni\u00e3o Europeia, nesta quarta-feira (7).<\/p>\n<\/div>\n<\/div>\n<div class=\"wall protected-content\">\n<div id=\"chunk-8sqme\">\n<div class=\"mc-column content-text active-extra-styles \" data-block-type=\"unstyled\" data-block-weight=\"37\" data-block-id=\"4\">\n<p class=\"content-text__container \" data-track-category=\"Link no Texto\" data-track-links=\"\">A Europol disse que a o barco, que estava a caminho da Europa, foi interceptado em 30 de novembro na costa de Serra Leoa, ap\u00f3s trabalho conjunto de intelig\u00eancia da\u00a0Fran\u00e7a, Brasil, Reino Unido e Estados Unidos.<\/p>\n<div id=\"chunk-2d6hh\">\n<div class=\"mc-column content-text active-extra-styles \" data-block-type=\"unstyled\" data-block-weight=\"48\" data-block-id=\"7\">\n<p class=\"content-text__container \" data-track-category=\"Link no Texto\" data-track-links=\"\"><span class=\"highlight highlighted\">A embarca\u00e7\u00e3o, de acordo com a Marinha francesa, \u00e9 um barco pesqueiro de 68 p\u00e9s &#8211; com algo em torno de 21 metros de comprimento.\u00a0<\/span>At\u00e9 a \u00faltima atualiza\u00e7\u00e3o desta not\u00edcia, a Europol n\u00e3o havia informado se os tripulantes eram brasileiros e para onde elas foram levados.<\/p>\n<\/div>\n<\/div>\n<div data-track-category=\"multicontent\" data-track-action=\"ultimo chunk conteudo\" data-track-noninteraction=\"false\" data-track-scroll=\"view\">\n<div id=\"chunk-77aqt\">\n<div class=\"mc-column content-text active-extra-styles \" data-block-type=\"unstyled\" data-block-weight=\"25\" data-block-id=\"8\">\n<p class=\"content-text__container \" data-track-category=\"Link no Texto\" data-track-links=\"\">&#8220;Uma investiga\u00e7\u00e3o est\u00e1 em andamento para identificar os grupos criminosos envolvidos em ambos os lados do Oceano Atl\u00e2ntico&#8221;, disse a pol\u00edcia da UE em comunicado.<\/p>\n<p data-track-category=\"Link no Texto\" data-track-links=\"\">Fonte: G1<\/p>\n<\/div>\n<\/div>\n<\/div>\n<\/div>\n<\/div>\n<\/div>\n","protected":false},"excerpt":{"rendered":"<p>Uma pequena embarca\u00e7\u00e3o brasileira transportando mais de 4,6 toneladas de coca\u00edna no valor de 150 milh\u00f5es de euros (cerca de R$ 824 milh\u00f5es) foi interceptada&#8230;<\/p>\n","protected":false},"author":1527,"featured_media":42753,"comment_status":"closed","ping_status":"closed","sticky":false,"template":"","format":"standard","meta":{"footnotes":""},"categories":[6],"tags":[],"class_list":["post-42752","post","type-post","status-publish","format-standard","has-post-thumbnail","hentry","category-noticias"],"_links":{"self":[{"href":"https:\/\/www.sincomam.org.br\/index.php\/wp-json\/wp\/v2\/posts\/42752","targetHints":{"allow":["GET"]}}],"collection":[{"href":"https:\/\/www.sincomam.org.br\/index.php\/wp-json\/wp\/v2\/posts"}],"about":[{"href":"https:\/\/www.sincomam.org.br\/index.php\/wp-json\/wp\/v2\/types\/post"}],"author":[{"embeddable":true,"href":"https:\/\/www.sincomam.org.br\/index.php\/wp-json\/wp\/v2\/users\/1527"}],"replies":[{"embeddable":true,"href":"https:\/\/www.sincomam.org.br\/index.php\/wp-json\/wp\/v2\/comments?post=42752"}],"version-history":[{"count":1,"href":"https:\/\/www.sincomam.org.br\/index.php\/wp-json\/wp\/v2\/posts\/42752\/revisions"}],"predecessor-version":[{"id":42755,"href":"https:\/\/www.sincomam.org.br\/index.php\/wp-json\/wp\/v2\/posts\/42752\/revisions\/42755"}],"wp:featuredmedia":[{"embeddable":true,"href":"https:\/\/www.sincomam.org.br\/index.php\/wp-json\/wp\/v2\/media\/42753"}],"wp:attachment":[{"href":"https:\/\/www.sincomam.org.br\/index.php\/wp-json\/wp\/v2\/media?parent=42752"}],"wp:term":[{"taxonomy":"category","embeddable":true,"href":"https:\/\/www.sincomam.org.br\/index.php\/wp-json\/wp\/v2\/categories?post=42752"},{"taxonomy":"post_tag","embeddable":true,"href":"https:\/\/www.sincomam.org.br\/index.php\/wp-json\/wp\/v2\/tags?post=42752"}],"curies":[{"name":"wp","href":"https:\/\/api.w.org\/{rel}","templated":true}]}}