{"id":42749,"date":"2022-12-07T11:38:05","date_gmt":"2022-12-07T14:38:05","guid":{"rendered":"http:\/\/www.sincomam.org.br\/?p=42749"},"modified":"2022-12-07T11:50:07","modified_gmt":"2022-12-07T14:50:07","slug":"marinha-e-embraer-assinam-acordo-de-cooperacao-na-area-de-tecnologia-fonte-agencia-marinha-de-noticias-acesse-https-www-marinha-mil-br-agenciadenoticias","status":"publish","type":"post","link":"https:\/\/www.sincomam.org.br\/index.php\/marinha-e-embraer-assinam-acordo-de-cooperacao-na-area-de-tecnologia-fonte-agencia-marinha-de-noticias-acesse-https-www-marinha-mil-br-agenciadenoticias\/","title":{"rendered":"Marinha e Embraer assinam acordo de coopera\u00e7\u00e3o na \u00e1rea de Tecnologia"},"content":{"rendered":"<p class=\"rtejustify\">Durante a 7\u00aa Mostra BID Brasil, em Bras\u00edlia, a Marinha do Brasil (MB), por interm\u00e9dio da Diretoria-Geral de Desenvolvimento Nuclear e Tecnol\u00f3gico da Marinha (DGDNTM), e a Embraer avan\u00e7aram nessa esfera ao assinarem o Acordo de Coopera\u00e7\u00e3o T\u00e9cnica (ACT) para Pesquisa, Desenvolvimento e Inova\u00e7\u00e3o visando ao estudo e a an\u00e1lises dos Sistemas de Radares e Interferidores de emprego nas opera\u00e7\u00f5es (Contramedidas Eletr\u00f4nicas &#8211; CME), representando um importante marco estrat\u00e9gico no campo da Defesa e Tecnologia nacionais.<\/p>\n<p class=\"rtejustify\">A nacionaliza\u00e7\u00e3o dos equipamentos dos meios navais e de fuzileiros navais \u00e9 uma das principais tarefas do Setor de Ci\u00eancia, Tecnologia e Inova\u00e7\u00e3o da Marinha do Brasil. Trabalhar para o desenvolvimento de tecnologias independentes para os produtos de Defesa e cooperar para fortalecer a Base Industrial de Defesa (BID) \u00e9 uma das prioridades.<\/p>\n<p class=\"rtejustify\">O acordo entre as duas institui\u00e7\u00f5es contribui com o previsto na Estrat\u00e9gia Nacional de Defesa, principalmente no que concerne ao desenvolvimento tecnol\u00f3gico nacional, e tem o objetivo de identificar o grau de maturidade tecnol\u00f3gica e industrial dos sistemas de radares.<\/p>\n<p class=\"rtejustify\">O ACT em quest\u00e3o tem o objetivo de analisar, sob os pontos de vista t\u00e9cnico e operacional, os atuais n\u00edveis de maturidade tecnol\u00f3gica dos sistemas radares desenvolvidos pelos part\u00edcipes, com a finalidade de buscar as suas evolu\u00e7\u00f5es e futuras produ\u00e7\u00f5es de tais equipamentos, que representem o aumento da capacidade operacional da For\u00e7a Naval com alto conte\u00fado tecnol\u00f3gico nacional.<\/p>\n<p class=\"rtejustify\"><strong>O fortalecimento da Base Industrial de Defesa\u00a0<\/strong><\/p>\n<div>\n<p class=\"rtejustify\">Os estudos que ser\u00e3o realizados em conjunto, entre a BID e as Institui\u00e7\u00f5es Cient\u00edficas, Tecnol\u00f3gicas (ICT) da MB, analisar\u00e3o os n\u00edveis de desenvolvimento dos Sistemas mencionados, al\u00e9m da possibilidade de suas opera\u00e7\u00f5es integradas com Sistemas de Combate ou Sistemas de Comando e Controle.<\/p>\n<p class=\"rtejustify\">Dessa forma, a iniciativa \u00e9 considerada estrat\u00e9gica para \u00e1rea de defesa do Pa\u00eds, pois representa\u00a0 uma oportunidade de aproveitar o conhecimento j\u00e1 adquirido em projetos anteriores e de contribuir para a prospec\u00e7\u00e3o e fomento industrial nacional.<\/p>\n<p class=\"rtejustify\"><strong>Marinha participa da mostra BID Brasil<\/strong><br \/>\nA Marinha do Brasil est\u00e1 presente na 7\u00aa edi\u00e7\u00e3o da Mostra BID Brasil, que \u00e9 um dos mais importantes eventos do segmento de defesa e seguran\u00e7a do pa\u00eds. O evento \u00e9 realizado pela ABIMDE (Associa\u00e7\u00e3o Brasileira das Ind\u00fastrias de Materiais de Defesa e Seguran\u00e7a), com apoio da Ag\u00eancia Brasileira de Promo\u00e7\u00e3o de Exporta\u00e7\u00f5es e Investimentos (Apex). Neste ano, a mostra acontece entre 6 e 8 de dezembro, em Bras\u00edlia (DF).<\/p>\n<\/div>\n<p>Fonte: Ag\u00eancia Marinha de Not\u00edcias<\/p>\n","protected":false},"excerpt":{"rendered":"<p>Durante a 7\u00aa Mostra BID Brasil, em Bras\u00edlia, a Marinha do Brasil (MB), por interm\u00e9dio da Diretoria-Geral de Desenvolvimento Nuclear e Tecnol\u00f3gico da Marinha (DGDNTM),&#8230;<\/p>\n","protected":false},"author":1527,"featured_media":42750,"comment_status":"closed","ping_status":"closed","sticky":false,"template":"","format":"standard","meta":{"footnotes":""},"categories":[6],"tags":[],"class_list":["post-42749","post","type-post","status-publish","format-standard","has-post-thumbnail","hentry","category-noticias"],"_links":{"self":[{"href":"https:\/\/www.sincomam.org.br\/index.php\/wp-json\/wp\/v2\/posts\/42749","targetHints":{"allow":["GET"]}}],"collection":[{"href":"https:\/\/www.sincomam.org.br\/index.php\/wp-json\/wp\/v2\/posts"}],"about":[{"href":"https:\/\/www.sincomam.org.br\/index.php\/wp-json\/wp\/v2\/types\/post"}],"author":[{"embeddable":true,"href":"https:\/\/www.sincomam.org.br\/index.php\/wp-json\/wp\/v2\/users\/1527"}],"replies":[{"embeddable":true,"href":"https:\/\/www.sincomam.org.br\/index.php\/wp-json\/wp\/v2\/comments?post=42749"}],"version-history":[{"count":2,"href":"https:\/\/www.sincomam.org.br\/index.php\/wp-json\/wp\/v2\/posts\/42749\/revisions"}],"predecessor-version":[{"id":42754,"href":"https:\/\/www.sincomam.org.br\/index.php\/wp-json\/wp\/v2\/posts\/42749\/revisions\/42754"}],"wp:featuredmedia":[{"embeddable":true,"href":"https:\/\/www.sincomam.org.br\/index.php\/wp-json\/wp\/v2\/media\/42750"}],"wp:attachment":[{"href":"https:\/\/www.sincomam.org.br\/index.php\/wp-json\/wp\/v2\/media?parent=42749"}],"wp:term":[{"taxonomy":"category","embeddable":true,"href":"https:\/\/www.sincomam.org.br\/index.php\/wp-json\/wp\/v2\/categories?post=42749"},{"taxonomy":"post_tag","embeddable":true,"href":"https:\/\/www.sincomam.org.br\/index.php\/wp-json\/wp\/v2\/tags?post=42749"}],"curies":[{"name":"wp","href":"https:\/\/api.w.org\/{rel}","templated":true}]}}