{"id":42730,"date":"2022-12-06T12:46:29","date_gmt":"2022-12-06T15:46:29","guid":{"rendered":"http:\/\/www.sincomam.org.br\/?p=42730"},"modified":"2022-12-06T12:46:54","modified_gmt":"2022-12-06T15:46:54","slug":"para-nao-deixar-faltar-combustivel-no-brasil-na-virada-de-ano-petrobras-e-o-gt-de-minas-e-energia-trancam-estrategias","status":"publish","type":"post","link":"https:\/\/www.sincomam.org.br\/index.php\/para-nao-deixar-faltar-combustivel-no-brasil-na-virada-de-ano-petrobras-e-o-gt-de-minas-e-energia-trancam-estrategias\/","title":{"rendered":"Para n\u00e3o deixar faltar combust\u00edvel no Brasil na virada de ano, Petrobras e o GT de Minas e Energia tran\u00e7am estrat\u00e9gias"},"content":{"rendered":"<p>A Petrobras reuniu-se com o subgrupo Petr\u00f3leo, G\u00e1s Natural e Biocombust\u00edveis do GT de Minas e Energia, liderado pelo senador Jean Paul Prates (PT-RN), para garantir que combust\u00edvel suficiente estaria dispon\u00edvel para manter o pa\u00eds funcionando at\u00e9 o R\u00e9veillon. Esta foi a primeira vez que o GT se reuniu pessoalmente com funcion\u00e1rios da estatal brasileira. Na semana passada, houve mais uma reuni\u00e3o do grupo de transi\u00e7\u00e3o com a Petrobras, mas virtual.<\/p>\n<p>\u201cNa reuni\u00e3o de hoje, levantamos algumas d\u00favidas sobre a pol\u00edtica de estoque operacional da estatal. A Europa est\u00e1 pronta para um inverno rigoroso e um problema de pre\u00e7os\u201d. Segundo Jean Paul, a Petrobras garantiu que est\u00e1 de olho no abastecimento de gasolina neste per\u00edodo e est\u00e1 tomando as devidas provid\u00eancias.<\/p>\n<p>Prates disse que o neg\u00f3cio entre a Petrobras e o Cade, que resultou na venda de oito refinarias da estatal, tamb\u00e9m foi alvo de diversas quest\u00f5es. Tamb\u00e9m falamos sobre a log\u00edstica da empresa, gerenciamento da cadeia de suprimentos e estrat\u00e9gias de refino.<\/p>\n<h2 id=\"h-cronograma-acertado-com-a-petrobras\">Cronograma acertado com a Petrobras<\/h2>\n<p>A pr\u00f3xima reuni\u00e3o com o escrit\u00f3rio est\u00e1 marcada para ter\u00e7a-feira (12\/06). A estrat\u00e9gia de aliena\u00e7\u00e3o recentemente adotada e o plano estrat\u00e9gico da corpora\u00e7\u00e3o ser\u00e3o discutidos neste evento. Nosso trabalho \u00e9 levar informa\u00e7\u00f5es ao presidente Lula e \u00e0 equipe de transi\u00e7\u00e3o. N\u00e3o estamos fazendo auditoria interna da estatal e n\u00e3o queremos expor dados sigilosos e estrat\u00e9gicos da empresa\u201d, reiterou.<\/p>\n<div id=\"quads-ad2\" class=\"quads-location quads-ad2\"><\/div>\n<p>Integrantes do subgrupo, incluindo Rodrigo Leo, Deyvid Bacelar e Magda Chambriard, al\u00e9m do organizador do subgrupo, o senador Jean Paul Prates, estiveram presentes nos eventos do Rio de Janeiro. A Petrobras foi representada por Claudio Mastella (Diretor de Comercializa\u00e7\u00e3o e Log\u00edstica), Sandro Barreto (Gerente Executivo de Comercializa\u00e7\u00e3o no Mercado Interno), Marcio Luz (procurador tributarista) e a advogada geral Ta\u00edsa Maciel.<\/p>\n<p>Segundo Deyvid Bacelar, coordenador geral da\u00a0Federa\u00e7\u00e3o \u00danica dos Petroleiros (FUP), o plano estrat\u00e9gico 2023-2027 da Petrobras, divulgado pela atual gest\u00e3o da empresa, ser\u00e1 revisto pelo novo governo, enfatizando, entre outros pontos, o aumento da capacidade interna de refino, para que o Brasil caminhe tamb\u00e9m para a autossufici\u00eancia em combust\u00edveis e at\u00e9 para se tornar um exportador de derivados de petr\u00f3leo.<\/p>\n<p>Fonte: Click Petr\u00f3leo e G\u00e1s<\/p>\n","protected":false},"excerpt":{"rendered":"<p>A Petrobras reuniu-se com o subgrupo Petr\u00f3leo, G\u00e1s Natural e Biocombust\u00edveis do GT de Minas e Energia, liderado pelo senador Jean Paul Prates (PT-RN), para&#8230;<\/p>\n","protected":false},"author":1527,"featured_media":42731,"comment_status":"closed","ping_status":"closed","sticky":false,"template":"","format":"standard","meta":{"footnotes":""},"categories":[6],"tags":[],"class_list":["post-42730","post","type-post","status-publish","format-standard","has-post-thumbnail","hentry","category-noticias"],"_links":{"self":[{"href":"https:\/\/www.sincomam.org.br\/index.php\/wp-json\/wp\/v2\/posts\/42730","targetHints":{"allow":["GET"]}}],"collection":[{"href":"https:\/\/www.sincomam.org.br\/index.php\/wp-json\/wp\/v2\/posts"}],"about":[{"href":"https:\/\/www.sincomam.org.br\/index.php\/wp-json\/wp\/v2\/types\/post"}],"author":[{"embeddable":true,"href":"https:\/\/www.sincomam.org.br\/index.php\/wp-json\/wp\/v2\/users\/1527"}],"replies":[{"embeddable":true,"href":"https:\/\/www.sincomam.org.br\/index.php\/wp-json\/wp\/v2\/comments?post=42730"}],"version-history":[{"count":2,"href":"https:\/\/www.sincomam.org.br\/index.php\/wp-json\/wp\/v2\/posts\/42730\/revisions"}],"predecessor-version":[{"id":42733,"href":"https:\/\/www.sincomam.org.br\/index.php\/wp-json\/wp\/v2\/posts\/42730\/revisions\/42733"}],"wp:featuredmedia":[{"embeddable":true,"href":"https:\/\/www.sincomam.org.br\/index.php\/wp-json\/wp\/v2\/media\/42731"}],"wp:attachment":[{"href":"https:\/\/www.sincomam.org.br\/index.php\/wp-json\/wp\/v2\/media?parent=42730"}],"wp:term":[{"taxonomy":"category","embeddable":true,"href":"https:\/\/www.sincomam.org.br\/index.php\/wp-json\/wp\/v2\/categories?post=42730"},{"taxonomy":"post_tag","embeddable":true,"href":"https:\/\/www.sincomam.org.br\/index.php\/wp-json\/wp\/v2\/tags?post=42730"}],"curies":[{"name":"wp","href":"https:\/\/api.w.org\/{rel}","templated":true}]}}