{"id":42722,"date":"2022-12-06T12:11:58","date_gmt":"2022-12-06T15:11:58","guid":{"rendered":"http:\/\/www.sincomam.org.br\/?p=42722"},"modified":"2022-12-06T12:44:34","modified_gmt":"2022-12-06T15:44:34","slug":"entrega-do-navio-patrulha-maracana-marca-a-retomada-da-construcao-naval-no-arsenal-de-marinha-do-rio-de-janeiro-fonte-agencia-marinha-de-noticias-acesse-https-www-marinha-mil-br","status":"publish","type":"post","link":"https:\/\/www.sincomam.org.br\/index.php\/entrega-do-navio-patrulha-maracana-marca-a-retomada-da-construcao-naval-no-arsenal-de-marinha-do-rio-de-janeiro-fonte-agencia-marinha-de-noticias-acesse-https-www-marinha-mil-br\/","title":{"rendered":"Entrega do Navio-Patrulha \u201cMaracan\u00e3\u201d marca a retomada da constru\u00e7\u00e3o naval no Arsenal de Marinha do Rio de Janeiro"},"content":{"rendered":"<p class=\"rtejustify\">Marcando a retomada da\u00a0constru\u00e7\u00e3o naval\u00a0pelo Arsenal de Marinha do Rio de Janeiro (AMRJ), foi entregue,\u00a0 no dia (02), ao setor operativo da Marinha do Brasil (MB), o Navio-Patrulha (NPa) \u201cMaracan\u00e3\u201d. A partir de agora, o mais novo navio da MB poder\u00e1 cumprir sua miss\u00e3o de contribuir para a seguran\u00e7a do tr\u00e1fego mar\u00edtimo e para a defesa dos interesses estrat\u00e9gicos brasileiros na\u00a0\u00a0Amaz\u00f4nia Azul,\u00a0por meio de atividades de patrulhamento, de inspe\u00e7\u00e3o naval e de salvaguarda da vida humana no mar.<\/p>\n<p class=\"rtejustify\">Durante a cerim\u00f4nia, aconteceu o batismo do NPa \u201cMaracan\u00e3\u201d, conduzido pela senhora Selma Foligne Crespio de Pinho, madrinha do navio e esposa do Comandante da Marinha, Almirante de Esquadra Almir Garnier Santos, presente na cerim\u00f4nia.<\/p>\n<p class=\"rtejustify\">Na ocasi\u00e3o, ocorreu a Mostra de Armamento do novo navio, presidida pelo Chefe do Estado-Maior da Armada (CEMA), Almirante de Esquadra Renato Rodrigues de Aguiar Freire, que empossou o primeiro comandante e destacou a import\u00e2ncia da data para a Marinha do Brasil. \u201cA obten\u00e7\u00e3o do NPa \u201cMaracan\u00e3\u201d faz parte do Programa de Moderniza\u00e7\u00e3o do Poder Naval. Representa tamb\u00e9m o esfor\u00e7o conjunto para o desenvolvimento da Base Industrial de Defesa, capacitando e aprimorando a m\u00e3o de obra da constru\u00e7\u00e3o naval, aperfei\u00e7oando sistemas e equipamentos, e fomentando a Ind\u00fastria Nacional de Defesa\u201d, ressaltou o CEMA.<\/p>\n<p class=\"rtejustify\">Por fim, foi lan\u00e7ado um livro que marca os mais de 250 anos da constru\u00e7\u00e3o naval militar no Brasil. O Comandante da Marinha destacou a import\u00e2ncia deste marco para a ind\u00fastria naval nacional. \u201c\u00c9 preciso reconhecer a longa tradi\u00e7\u00e3o de pioneirismo, compet\u00eancia, perseveran\u00e7a e dedica\u00e7\u00e3o da nossa Engenharia Naval Militar e dos patriotas profissionais brasileiros &#8211; militares e civis, engenheiros, t\u00e9cnicos e oper\u00e1rios &#8211; que produziram, com suor e talento, cerca de uma centena de navios para a Marinha do Brasil, ao longo dos \u00faltimos 200 anos.\u201d<\/p>\n<p class=\"rtejustify\"><strong>O novo navio-patrulha<\/strong><\/p>\n<p class=\"rtejustify\">O NPa \u201cMaracan\u00e3\u201d \u00e9 o terceiro pertencente \u00e0 Classe \u201cMaca\u00e9\u201d, que j\u00e1 possui outros dois em opera\u00e7\u00e3o na MB, o \u201cMaca\u00e9\u201d e o \u201cMacau\u201d. Com tecnologia majoritariamente brasileira, o \u201cMaracan\u00e3\u201d ir\u00e1 atuar subordinado ao Comando do Grupamento de Patrulha Naval do Sul e Sudeste em Santos (SP). O navio entregue hoje faz parte da atual fase do Programa de Obten\u00e7\u00e3o de Navios-Patrulha (PRONAPA) que prev\u00ea, tamb\u00e9m, a continuidade da constru\u00e7\u00e3o, no AMRJ, do Navio-Patrulha \u201cMangaratiba\u201d, com entrega prevista para 2025.<\/p>\n<p class=\"rtejustify\">Para o Diretor-Geral do Material da Marinha (DGMM), Almirante de Esquadra Jos\u00e9 Augusto Vieira da Cunha de Menezes, a entrega do navio representa \u201ca hist\u00f3ria do nosso Arsenal de Marinha do Rio de Janeiro, um estaleiro rico de tradi\u00e7\u00f5es e de potencialidade, que renova, a cada navio constru\u00eddo, suas capacidades e suas possibilidades.\u201d<\/p>\n<p class=\"rtejustify\">O primeiro Comandante do \u201cMaracan\u00e3\u201d, Capit\u00e3o de Corveta Raphael Saidel da Costa, destacou que o Brasil passa a ter um meio naval moderno e de pronto emprego. \u201cAl\u00e9m de todas as capacidades operativas que o navio possui, para mim \u00e9 um motivo de muito orgulho ser o primeiro comandante do navio-patrulha \u201cMaracan\u00e3\u201d e, agora a partir de Santos, poderemos realizar a nossa miss\u00e3o que \u00e9 colaborar na prote\u00e7\u00e3o da nossa Amaz\u00f4nia Azul\u201d.<\/p>\n<p class=\"rtejustify\">A obten\u00e7\u00e3o do \u201cMaracan\u00e3\u201d faz parte do Programa de Moderniza\u00e7\u00e3o do Poder Naval. Representa tamb\u00e9m o esfor\u00e7o conjunto para o desenvolvimento da Base Industrial de Defesa, capacitando e aprimorando a m\u00e3o de obra da constru\u00e7\u00e3o naval, aperfei\u00e7oando sistemas e equipamentos, e fomentando a Ind\u00fastria Nacional de Defesa.<\/p>\n<p class=\"rtejustify\">Para ser entregue ao Setor Operativo, o NPa \u201cMaracan\u00e3\u201d foi submetido a um amplo programa de testes de aceita\u00e7\u00e3o de todos os sistemas e equipamentos no mar, a fim de garantir a seguran\u00e7a e a efici\u00eancia da sua opera\u00e7\u00e3o. Mesmo antes de sua incorpora\u00e7\u00e3o, o \u201cMaracan\u00e3\u201d p\u00f4de ser visto em plena navega\u00e7\u00e3o durante as comemora\u00e7\u00f5es alusivas ao Bicenten\u00e1rio da Independ\u00eancia do Brasil, participando da Parada Naval e da Revista Naval.<\/p>\n<p class=\"rtejustify\"><strong>Lan\u00e7amento do livro sobre a constru\u00e7\u00e3o naval militar<\/strong><\/p>\n<p class=\"rtejustify\">Em paralelo \u00e0 entrega do \u201cNPa Maracan\u00e3\u201d tamb\u00e9m foi lan\u00e7ado, no AMRJ, o livro: \u201cA constru\u00e7\u00e3o Naval Militar no Brasil: Passado de gl\u00f3rias. Futuro de vit\u00f3rias!\u201d. Com 188 p\u00e1ginas e 6 cap\u00edtulos, o livro traz ao p\u00fablico uma retrospectiva hist\u00f3rica da Constru\u00e7\u00e3o Naval Militar no Brasil. Descreve esta trajet\u00f3ria a partir da sua origem, com a cria\u00e7\u00e3o do Arsenal do Rio de Janeiro, pelo Conde Da Cunha, nos idos de 1763; passa pelos grandes construtores, e pela constru\u00e7\u00e3o de navios pelo Arsenal de Marinha do Rio de Janeiro, tendo como fio condutor a evolu\u00e7\u00e3o tecnol\u00f3gica dos seus meios de propuls\u00e3o, da vela \u00e0 turbina. E culmina com a constru\u00e7\u00e3o de submarinos. Em seguida, a obra cita as constru\u00e7\u00f5es em andamento e encerra com as perspectivas de futuro para a constru\u00e7\u00e3o naval na Marinha.<\/p>\n<p class=\"rtejustify\">Para o autor e organizador do livro, Capit\u00e3o de Mar e Guerra Cleber Ribeiro da Silva, \u201ca constru\u00e7\u00e3o naval no Brasil gera empregos, faz a tecnologia evoluir e gera expertise. Aqui no Arsenal, al\u00e9m dos navios, temos o potencial do nosso pessoal. \u00c9 un\u00e2nime em todos que conversei para fazer o livro, o fasc\u00ednio e o esp\u00edrito da constru\u00e7\u00e3o naval. N\u00f3s temos no Arsenal desde os trabalhadores mais antigos, que conseguem descrever com detalhes todos os projetos em que eles trabalharam, at\u00e9 militares rec\u00e9m chegados, todos encantados pela constru\u00e7\u00e3o naval. Ent\u00e3o, esse \u00e9 o esp\u00edrito que move quem aqui trabalha, essa capacidade, essa qualidade com que os navios s\u00e3o produzidos pelo Arsenal por esses quase 260 anos e ainda com uma perspectiva de futuro brilhante\u201d, recorda ele.<\/p>\n<p class=\"rtejustify\"><strong><a href=\"https:\/\/www.mar.mil.br\/hotsites\/construcao-naval\/livro\/arquivo.pdf\" target=\"_blank\" rel=\"noopener\">O livro est\u00e1 dispon\u00edvel<\/a>, <\/strong>gratuitamente, no site da Marinha, em formato de e-book, e ser\u00e1 distribu\u00eddo de forma impressa a algumas bibliotecas e institui\u00e7\u00f5es de ensino da \u00e1rea de constru\u00e7\u00e3o naval.<\/p>\n<div>\n<p class=\"rtejustify\"><strong>A import\u00e2ncia da gest\u00e3o de conhecimento no Arsenal de Marinha do Rio de Janeiro<\/strong><br \/>\nA constru\u00e7\u00e3o naval nas instala\u00e7\u00f5es do AMRJ\u00a0possibilita um maior conhecimento e, consequentemente, uma melhor condu\u00e7\u00e3o dos sistemas do navio por parte da nova tripula\u00e7\u00e3o, assim como a manuten\u00e7\u00e3o do know-how de constru\u00e7\u00e3o naval pelo corpo t\u00e9cnico do Arsenal, como afirma Diretor do Arsenal de Marinha do Rio de Janeiro, Contra-Almirante (EN) Jos\u00e9 Luiz Rangel da Silva. \u201cEssa constru\u00e7\u00e3o sendo feita do zero pela Marinha. Al\u00e9m de outros ganhos, possibilita que n\u00f3s estejamos totalmente capacitados para fazer a manuten\u00e7\u00e3o, pois conhecemos profundamente o navio, diferentemente de quando o compramos pronto. O pessoal envolvido sabe corrigir defeitos, dar solu\u00e7\u00f5es, e isso tudo motivou e motiva a buscar novas ideias. Por isso, \u00e9 t\u00e3o importante a gest\u00e3o do conhecimento. Nessa constru\u00e7\u00e3o tivemos militares rec\u00e9m-embarcados trocando aprendizado com outros militares e servidores civis com muita experi\u00eancia\u201d, refor\u00e7ou ele.<\/p>\n<div class=\"rtejustify\">Exemplo dessa manuten\u00e7\u00e3o de conhecimento e do aprimoramento de capacita\u00e7\u00e3o de pessoal est\u00e1 no encontro de gera\u00e7\u00f5es que trabalharam na prontifica\u00e7\u00e3o do \u201cNPa Maracan\u00e3\u201d, como o encarregado do Grupo de M\u00e1quinas e Redes da Ger\u00eancia de Constru\u00e7\u00e3o Naval, engenheiro de tecnologia militar, C\u00e9sar Fernando Cascardo de Niemeyer, que trabalhou na constru\u00e7\u00e3o da Corveta \u201cBarroso\u201d, \u00faltimo navio de guerra entregue pelo Arsenal, em 2008. Mesmo com quase quarenta anos trabalhando no AMRJ, ele descreve a emo\u00e7\u00e3o de ver conclu\u00eddo mais um projeto: &#8220;ver o navio sendo constru\u00eddo, depois obtendo sucesso na prova de mar, e agora sendo entregue, \u00e9 uma<\/div>\n<div class=\"rtejustify\">satisfa\u00e7\u00e3o muito grande. \u00c9 muito bom v\u00ea-lo navegando depois de tanto trabalho, \u00e9 uma sensa\u00e7\u00e3o \u00fanica para quem trabalhou na constru\u00e7\u00e3o&#8221;, disse ele.<\/div>\n<div>\n<div><\/div>\n<div class=\"rtejustify\">Atualmente, para aumentar o desempenho do AMRJ nas tarefas de constru\u00e7\u00e3o e manuten\u00e7\u00e3o dos meios navais, foram feitas diversas mudan\u00e7as estruturantes centradas em a\u00e7\u00f5es de melhorias dos processos, otimiza\u00e7\u00e3o da aplica\u00e7\u00e3o da m\u00e3o de obra e aprimoramento das capacita\u00e7\u00f5es, bem como na recupera\u00e7\u00e3o da capacidade operacional. Essa constru\u00e7\u00e3o elevou o n\u00edvel de capacidade dos trabalhadores, e com isso, da atua\u00e7\u00e3o do estaleiro, como ressalta o adjunto da ger\u00eancia, gerente de casco e encarregado da estrutura e acabamento do navio, Capit\u00e3o-Tenente (Engenheiro Naval) Samuel Soares de Santana Louren\u00e7o. \u201cA partir do momento que voc\u00ea visualiza a edifica\u00e7\u00e3o efetivamente do navio, e que nenhum sistema \u00e9 mais importante que outro porque todos s\u00e3o co- dependentes entre si, isso se torna extremamente importante tanto para a capacita\u00e7\u00e3o das pessoas envolvidas no processo da constru\u00e7\u00e3o, quanto tamb\u00e9m para o estaleiro. \u00c9 realmente algo que chega a emocionar, ver que essa constru\u00e7\u00e3o est\u00e1 causando uma mudan\u00e7a de perspectiva, no pensamento em v\u00e1rias \u00e1reas, seja na esfera industrial, na parte gerencial e na estrat\u00e9gica\u201d, refor\u00e7ou o militar.<\/div>\n<div class=\"rtejustify\"><\/div>\n<div class=\"rtejustify\">Tais incrementos possibilitam, ainda, a continuidade da atividade de constru\u00e7\u00e3o de navios e embarca\u00e7\u00f5es no AMRJ, com o projeto de um novo Navio-Patrulha de 500 toneladas e a avalia\u00e7\u00e3o t\u00e9cnica e de infraestrutura necess\u00e1rias \u00e0 constru\u00e7\u00e3o de Navios-Patrulha Oce\u00e2nicos de at\u00e9 1800 toneladas, al\u00e9m do planejamento, em andamento, de um Aviso de Instru\u00e7\u00e3o, destinado \u00e0 forma\u00e7\u00e3o de Oficiais do Corpo da Armada.<\/div>\n<\/div>\n<\/div>\n<p>Fonte: Ag\u00eancia Marinha de Not\u00edcias<\/p>\n","protected":false},"excerpt":{"rendered":"<p>Marcando a retomada da\u00a0constru\u00e7\u00e3o naval\u00a0pelo Arsenal de Marinha do Rio de Janeiro (AMRJ), foi entregue,\u00a0 no dia (02), ao setor operativo da Marinha do Brasil&#8230;<\/p>\n","protected":false},"author":1527,"featured_media":42724,"comment_status":"closed","ping_status":"closed","sticky":false,"template":"","format":"standard","meta":{"footnotes":""},"categories":[6],"tags":[],"class_list":["post-42722","post","type-post","status-publish","format-standard","has-post-thumbnail","hentry","category-noticias"],"_links":{"self":[{"href":"https:\/\/www.sincomam.org.br\/index.php\/wp-json\/wp\/v2\/posts\/42722","targetHints":{"allow":["GET"]}}],"collection":[{"href":"https:\/\/www.sincomam.org.br\/index.php\/wp-json\/wp\/v2\/posts"}],"about":[{"href":"https:\/\/www.sincomam.org.br\/index.php\/wp-json\/wp\/v2\/types\/post"}],"author":[{"embeddable":true,"href":"https:\/\/www.sincomam.org.br\/index.php\/wp-json\/wp\/v2\/users\/1527"}],"replies":[{"embeddable":true,"href":"https:\/\/www.sincomam.org.br\/index.php\/wp-json\/wp\/v2\/comments?post=42722"}],"version-history":[{"count":5,"href":"https:\/\/www.sincomam.org.br\/index.php\/wp-json\/wp\/v2\/posts\/42722\/revisions"}],"predecessor-version":[{"id":42729,"href":"https:\/\/www.sincomam.org.br\/index.php\/wp-json\/wp\/v2\/posts\/42722\/revisions\/42729"}],"wp:featuredmedia":[{"embeddable":true,"href":"https:\/\/www.sincomam.org.br\/index.php\/wp-json\/wp\/v2\/media\/42724"}],"wp:attachment":[{"href":"https:\/\/www.sincomam.org.br\/index.php\/wp-json\/wp\/v2\/media?parent=42722"}],"wp:term":[{"taxonomy":"category","embeddable":true,"href":"https:\/\/www.sincomam.org.br\/index.php\/wp-json\/wp\/v2\/categories?post=42722"},{"taxonomy":"post_tag","embeddable":true,"href":"https:\/\/www.sincomam.org.br\/index.php\/wp-json\/wp\/v2\/tags?post=42722"}],"curies":[{"name":"wp","href":"https:\/\/api.w.org\/{rel}","templated":true}]}}