{"id":42712,"date":"2022-12-06T10:21:30","date_gmt":"2022-12-06T13:21:30","guid":{"rendered":"http:\/\/www.sincomam.org.br\/?p=42712"},"modified":"2022-12-06T10:21:30","modified_gmt":"2022-12-06T13:21:30","slug":"o-que-voce-precisa-saber-antes-de-embarcar-num-navio-de-cruzeiros-no-porto-do-rio-de-janeiro","status":"publish","type":"post","link":"https:\/\/www.sincomam.org.br\/index.php\/o-que-voce-precisa-saber-antes-de-embarcar-num-navio-de-cruzeiros-no-porto-do-rio-de-janeiro\/","title":{"rendered":"O que voc\u00ea precisa saber antes de embarcar num navio de cruzeiros no porto do Rio de Janeiro"},"content":{"rendered":"<div class=\"mc-column content-text active-extra-styles active-capital-letter\" data-block-type=\"unstyled\" data-block-weight=\"56\" data-block-id=\"2\">\n<p class=\"content-text__container theme-color-primary-first-letter\" data-track-category=\"Link no Texto\" data-track-links=\"\">A temporada brasileira de cruzeiros come\u00e7ou oficialmente em outubro, mas \u00e9 em dezembro que acontece o per\u00edodo mais movimentado no litoral, sobretudo pela chegada dos principais navios de cabotagem &#8211; que t\u00eam embarque e desembarque em territ\u00f3rio nacional. Segundo principal porto para os roteiros dom\u00e9sticos no pa\u00eds, o Rio de Janeiro ter\u00e1 um m\u00eas especialmente agitado.<\/p>\n<\/div>\n<div class=\"wall protected-content\">\n<div class=\"mc-column content-text active-extra-styles \" data-block-type=\"unstyled\" data-block-weight=\"58\" data-block-id=\"3\">\n<p class=\"content-text__container \" data-track-category=\"Link no Texto\" data-track-links=\"\">&#8211; Nos primeiros quinze dias do m\u00eas o destaque fica por conta da grande quantidade de h\u00f3spedes estrangeiros a bordo dos navios que chegam ao Brasil fazendo uma esp\u00e9cie de degusta\u00e7\u00e3o da cidade nessa escala e muitos deles voltam para estadias mais longas &#8211; afirma o coordenador de opera\u00e7\u00f5es do Terminal de Cruzeiros do P\u00eder Mau\u00e1, Marcello Chagas.<\/p>\n<div class=\"mc-column content-text active-extra-styles \" data-block-type=\"unstyled\" data-block-weight=\"65\" data-block-id=\"5\">\n<p class=\"content-text__container \" data-track-category=\"Link no Texto\" data-track-links=\"\">De acordo com o P\u00eder Mau\u00e1, que administra o terminal de passageiros do Porto do Rio, a cidade receber\u00e1 s\u00f3 nos 15 primeiros dias do m\u00eas cerca de 65 mil turistas. A previs\u00e3o \u00e9 que, at\u00e9 o final da temporada, em abril de 2023, cerca de 500 mil viajantes desembarquem por aqui, chegando 37 navios, sendo dez deles in\u00e9ditos, num total de 120 atraca\u00e7\u00f5es.<\/p>\n<div class=\"mc-column content-text active-extra-styles \" data-block-type=\"unstyled\" data-block-weight=\"79\" data-block-id=\"8\">\n<p class=\"content-text__container \" data-track-category=\"Link no Texto\" data-track-links=\"\">Somente nesta quarta-feira, 6 de dezembro, o porto ter\u00e1 a atracar\u00e3o dois navios que, juntos, t\u00eam capacidade para mais de 11 mil pessoas, entre passageiros e tripulantes: o MSC Seaview e o Costa Fortuna. Ambos ter\u00e3o o Rio como base principal de seus roteiros ao longo da temporada. No dia seguinte, ser\u00e1 a vez da chegada de mais dois navios da MSC, o Musica (vindo de B\u00fazios, com destino a Ilhabela) e o Armonia (saindo de Salvador para Santos).<\/p>\n<\/div>\n<div class=\"mc-column content-text active-extra-styles \" data-block-type=\"unstyled\" data-block-weight=\"88\" data-block-id=\"9\">\n<p class=\"content-text__container \" data-track-category=\"Link no Texto\" data-track-links=\"\">Nos pr\u00f3ximos dias, dois navios estreantes em \u00e1guas brasileiras dever\u00e3o chamar a aten\u00e7\u00e3o na regi\u00e3o portu\u00e1ria. Dia 9 chega o MSC Seashore, o maior transatl\u00e2ntico a viajar pela costa brasileira, com capacidade para 7.077 pessoas, entre passageiros e tripulantes, e que passar\u00e1 a temporada 2022\/2023 baseado em Santos, mas parando no Rio durante seus roteiros pela regi\u00e3o e at\u00e9 o Nordeste. A outra grande novidade ser\u00e1 o internacional Norwegian Star, que atraca na cidade em 11 de dezembro, durante um longo roteiro em dire\u00e7\u00e3o ao sul do continente.<\/p>\n<\/div>\n<div class=\"mc-column content-text active-extra-styles \" data-block-type=\"unstyled\" data-block-weight=\"19\" data-block-id=\"10\">\n<p class=\"content-text__container \" data-track-category=\"Link no Texto\" data-track-links=\"\">A seguir, confira algumas informa\u00e7\u00f5es importantes para seu embarque nos navios de cruzeiro no porto do Rio de Janeiro:<\/p>\n<\/div>\n<div class=\"mc-column content-text active-extra-styles\" data-block-type=\"raw\" data-block-weight=\"6\" data-block-id=\"11\">\n<p class=\"content-text__container\">\n<div class=\"content-intertitle\">\n<h2>Protocolos de seguran\u00e7a contra a Covid-19<\/h2>\n<p>Num momento de alta de casos de Covid-19 em todo o pa\u00eds, \u00e9 preciso ficar atento \u00e0s medidas de seguran\u00e7a sanit\u00e1ria durante a viagem. As restri\u00e7\u00f5es mais severas ficaram no passado, e nesta temporada, os navios poder\u00e3o sair com 100% de sua capacidade e o uso de m\u00e1scara a bordo \u00e9 recomendado, n\u00e3o mais obrigat\u00f3rio.<\/p>\n<\/div>\n<\/div>\n<div class=\"mc-column content-text active-extra-styles \" data-block-type=\"unstyled\" data-block-weight=\"100\" data-block-id=\"13\">\n<p class=\"content-text__container \" data-track-category=\"Link no Texto\" data-track-links=\"\">Os passageiros devem prestar aten\u00e7\u00e3o aos documentos exigidos no momento do embarque. Para roteiros de seis dias ou mais, incluindo a\u00ed os com destino a Argentina e Uruguai, \u00e9 necess\u00e1rio apresentar seguro sa\u00fade com cobertura espec\u00edfica para Covid-19 e teste negativo, do tipo RT-PCR\/Lamp ou ant\u00edgeno, feito 24 horas antes de subir a bordo. Se o cruzeiro for de at\u00e9 cinco dias, o passageiro pode escolher apresentar o teste negativo ou o comprovante de vacina\u00e7\u00e3o completa. As medidas valem tanto para a Costa quanto para a MSC, que seguem o protocolo estabelecido pela Associa\u00e7\u00e3o Brasileira de Cruzeiros Mar\u00edtimos (Clia Brasil).<\/p>\n<div class=\"mc-column content-text active-extra-styles \" data-block-type=\"unstyled\" data-block-weight=\"71\" data-block-id=\"17\">\n<p class=\"content-text__container \" data-track-category=\"Link no Texto\" data-track-links=\"\">Tr\u00eas armaz\u00e9ns s\u00e3o usados para o embarque e o desembarque nos navios. Os de n\u00famero 3 e 4 s\u00e3o os terminais de passageiro propriamente ditos, com a estrutura de balc\u00f5es para check-in, controle de seguran\u00e7a, lojas, lanchonetes e postos de informa\u00e7\u00e3o tur\u00edstica. J\u00e1 o Armaz\u00e9m 5 \u00e9 reservado para as bagagens. \u00c9 para l\u00e1 que elas v\u00e3o antes de entrar no navio e depois do desembarque, quando s\u00e3o recuperadas pelos donos.<\/p>\n<\/div>\n<div class=\"mc-column content-text active-extra-styles \" data-block-type=\"unstyled\" data-block-weight=\"57\" data-block-id=\"18\">\n<p class=\"content-text__container \" data-track-category=\"Link no Texto\" data-track-links=\"\">Ao contr\u00e1rio dos aeroportos, onde \u00e9 recomendado chegar at\u00e9 tr\u00eas horas antes de voos internacionais, a administra\u00e7\u00e3o do P\u00eder Mau\u00e1 refor\u00e7a a orienta\u00e7\u00e3o para que o passageiro n\u00e3o chegue com tanta anteced\u00eancia, justamente para evitar aglomera\u00e7\u00e3o nos terminais. O viajante deve chegar ao porto no hor\u00e1rio indicado no voucher, normalmente pela manh\u00e3 ou no come\u00e7o da tarde.<\/p>\n<\/div>\n<div class=\"mc-column content-text active-extra-styles\" data-block-type=\"raw\" data-block-weight=\"6\" data-block-id=\"19\">\n<p class=\"content-text__container\"><strong>Que navios ser\u00e3o baseados no Rio?<\/strong><\/p>\n<\/div>\n<\/div>\n<\/div>\n<div class=\"row medium-uncollapsed content-media content-photo\" data-block-type=\"backstage-photo\" data-block-id=\"6\">\n<div class=\"content-media-container glb-skeleton-box\">\n<div class=\"mc-column content-text active-extra-styles \" data-block-type=\"unstyled\" data-block-weight=\"62\" data-block-id=\"22\">\n<p class=\"content-text__container \" data-track-category=\"Link no Texto\" data-track-links=\"\">O porto do Rio ser\u00e1 a base para alguns dos principais navios da temporada. O maior deles \u00e9 o MSC Seaview, com capacidade para at\u00e9 5.429 h\u00f3spedes. Lan\u00e7ado em 2018 como o segundo navio da classe Seaside, ele se caracteriza por ter mais espa\u00e7o ao ar livre que o normal e uma propor\u00e7\u00e3o maior de cabines com vista para o mar.<\/p>\n<\/div>\n<div class=\"mc-column content-text active-extra-styles \" data-block-type=\"unstyled\" data-block-weight=\"56\" data-block-id=\"23\">\n<p class=\"content-text__container \" data-track-category=\"Link no Texto\" data-track-links=\"\">Saindo do P\u00eder Mau\u00e1, a embarca\u00e7\u00e3o far\u00e1 minicruzeiros de tr\u00eas a quatro noites, com escalas alternadas em Ilhabela, Ilha Grande e B\u00fazios, e roteiros de cinco a sete noites com visitas a Ilha Grande, B\u00fazios, Salvador e Ilh\u00e9us. Al\u00e9m disso, o navio viajar\u00e1 para Montevid\u00e9u, Punta del Este e Buenos Aires, em cruzeiros de oito noites.<\/p>\n<\/div>\n<div class=\"mc-column content-text active-extra-styles \" data-block-type=\"unstyled\" data-block-weight=\"67\" data-block-id=\"24\">\n<p class=\"content-text__container \" data-track-category=\"Link no Texto\" data-track-links=\"\">Outro gigante de destaque que ter\u00e1 embarques e desembarques no Rio de Janeiro \u00e9 o Costa Firenze, um dos maiores e mais novos da frota da Costa Cruzeiros &#8211; o maior que a companhia j\u00e1 escalou para a Am\u00e9rica do Sul. Como seu nome indica, ele \u00e9 uma homenagem \u00e0 hist\u00f3rica cidade italiana. De bares \u00e0s \u00e1reas das piscinas, n\u00e3o faltar\u00e3o ambientes inteiros decorados \u00e0 moda florentina.<\/p>\n<div class=\"mc-column content-text active-extra-styles \" data-block-type=\"unstyled\" data-block-weight=\"31\" data-block-id=\"26\">\n<p class=\"content-text__container \" data-track-category=\"Link no Texto\" data-track-links=\"\">O navio, que pode levar at\u00e9 5.260 passageiros, tamb\u00e9m ter\u00e1 embarque em Santos e Salvador, e far\u00e1 principalmente cruzeiros de seis e sete noites pelos litorais do Rio e da Bahia.<\/p>\n<\/div>\n<div class=\"content-ads content-ads--reveal\" data-block-type=\"ads\" data-block-id=\"27\">\n<div id=\"banner_materia__628961e2-880b-4ab8-b501-5cef574a787a\" class=\"tag-manager-publicidade-container mc-has-reveal mc-has-ad-lazyload tag-manager-publicidade-banner_materia__628961e2-880b-4ab8-b501-5cef574a787a tag-manager-publicidade-container--carregado tag-manager-publicidade-container--visivel\" data-id=\"banner_materia__628961e2-880b-4ab8-b501-5cef574a787a\" data-google-query-id=\"CPeagc6K5fsCFaK5lQIdYc0Oqw\" data-cid=\"138415177656\" data-lid=\"6166178844\">\n<div class=\"mc-column content-text active-extra-styles \" data-block-type=\"unstyled\" data-block-weight=\"58\" data-block-id=\"28\">\n<p class=\"content-text__container \" data-track-category=\"Link no Texto\" data-track-links=\"\">A Costa ter\u00e1 outro navio dedicado aos cariocas. Escalado para fazer roteiros de oito noites passando por B\u00fazios, Ilhabela, Ilha Grande, Buenos Aires e Montevid\u00e9u, o tradicional Costa Fortuna estar\u00e1 baseado no Rio de dezembro e mar\u00e7o &#8211; no dia 31 de dezembro, o navio estar\u00e1 na Praia de Copacabana para o espet\u00e1culo dos fogos de Ano Novo.<\/p>\n<\/div>\n<div data-track-category=\"multicontent\" data-track-action=\"ultimo chunk conteudo\" data-track-noninteraction=\"false\" data-track-scroll=\"view\">\n<div class=\"mc-column content-text active-extra-styles \" data-block-type=\"unstyled\" data-block-weight=\"46\" data-block-id=\"29\">\n<p class=\"content-text__container \" data-track-category=\"Link no Texto\" data-track-links=\"\">Com capacidade para 3.470 passageiro, seu tema s\u00e3o as grandes navega\u00e7\u00f5es e navios hist\u00f3ricos. Por isso, n\u00e3o estranhe ao ver um rosto gigante de Crist\u00f3v\u00e3o Colombo no hall central do restaurante principal do navio, que conta com cinco restaurantes, dez bares e nove piscinas e hidromassagens.<\/p>\n<p data-track-category=\"Link no Texto\" data-track-links=\"\">Fonte: O Globo<\/p>\n<\/div>\n<\/div>\n<\/div>\n<\/div>\n<\/div>\n<\/div>\n<\/div>\n<\/div>\n<\/div>\n","protected":false},"excerpt":{"rendered":"<p>A temporada brasileira de cruzeiros come\u00e7ou oficialmente em outubro, mas \u00e9 em dezembro que acontece o per\u00edodo mais movimentado no litoral, sobretudo pela chegada dos&#8230;<\/p>\n","protected":false},"author":1527,"featured_media":42713,"comment_status":"closed","ping_status":"closed","sticky":false,"template":"","format":"standard","meta":{"footnotes":""},"categories":[6],"tags":[],"class_list":["post-42712","post","type-post","status-publish","format-standard","has-post-thumbnail","hentry","category-noticias"],"_links":{"self":[{"href":"https:\/\/www.sincomam.org.br\/index.php\/wp-json\/wp\/v2\/posts\/42712","targetHints":{"allow":["GET"]}}],"collection":[{"href":"https:\/\/www.sincomam.org.br\/index.php\/wp-json\/wp\/v2\/posts"}],"about":[{"href":"https:\/\/www.sincomam.org.br\/index.php\/wp-json\/wp\/v2\/types\/post"}],"author":[{"embeddable":true,"href":"https:\/\/www.sincomam.org.br\/index.php\/wp-json\/wp\/v2\/users\/1527"}],"replies":[{"embeddable":true,"href":"https:\/\/www.sincomam.org.br\/index.php\/wp-json\/wp\/v2\/comments?post=42712"}],"version-history":[{"count":1,"href":"https:\/\/www.sincomam.org.br\/index.php\/wp-json\/wp\/v2\/posts\/42712\/revisions"}],"predecessor-version":[{"id":42714,"href":"https:\/\/www.sincomam.org.br\/index.php\/wp-json\/wp\/v2\/posts\/42712\/revisions\/42714"}],"wp:featuredmedia":[{"embeddable":true,"href":"https:\/\/www.sincomam.org.br\/index.php\/wp-json\/wp\/v2\/media\/42713"}],"wp:attachment":[{"href":"https:\/\/www.sincomam.org.br\/index.php\/wp-json\/wp\/v2\/media?parent=42712"}],"wp:term":[{"taxonomy":"category","embeddable":true,"href":"https:\/\/www.sincomam.org.br\/index.php\/wp-json\/wp\/v2\/categories?post=42712"},{"taxonomy":"post_tag","embeddable":true,"href":"https:\/\/www.sincomam.org.br\/index.php\/wp-json\/wp\/v2\/tags?post=42712"}],"curies":[{"name":"wp","href":"https:\/\/api.w.org\/{rel}","templated":true}]}}