{"id":42706,"date":"2022-12-06T08:14:51","date_gmt":"2022-12-06T11:14:51","guid":{"rendered":"http:\/\/www.sincomam.org.br\/?p=42706"},"modified":"2022-12-06T09:31:47","modified_gmt":"2022-12-06T12:31:47","slug":"ccr-barcas-ficara-mais-um-ano-apos-o-contrato-como-responsavel-pelo-transporte-aquaviario-do-rj-diz-castro","status":"publish","type":"post","link":"https:\/\/www.sincomam.org.br\/index.php\/ccr-barcas-ficara-mais-um-ano-apos-o-contrato-como-responsavel-pelo-transporte-aquaviario-do-rj-diz-castro\/","title":{"rendered":"CCR Barcas ficar\u00e1 mais um ano ap\u00f3s o contrato como respons\u00e1vel pelo transporte aquavi\u00e1rio do RJ, diz Castro"},"content":{"rendered":"<div id=\"chunk-a6rgl\">\n<div class=\"mc-column content-text active-extra-styles \" data-block-type=\"unstyled\" data-block-weight=\"42\" data-block-id=\"3\">\n<p class=\"content-text__container \" data-track-category=\"Link no Texto\" data-track-links=\"\">O governador do Rio de Janeiro, Cl\u00e1udio Castro, anunciou na tarde desta segunda-feira (5) que a concession\u00e1ria CCR Barcas topou, ap\u00f3s uma reuni\u00e3o com o governo, ficar mais um ano respons\u00e1vel pelo transporte aquavi\u00e1rio do estado, ap\u00f3s o t\u00e9rmino de seu contrato.<\/p>\n<\/div>\n<\/div>\n<div class=\"wall protected-content\">\n<div id=\"chunk-9q7e9\">\n<div class=\"mc-column content-text active-extra-styles \" data-block-type=\"unstyled\" data-block-weight=\"30\" data-block-id=\"4\">\n<p class=\"content-text__container \" data-track-category=\"Link no Texto\" data-track-links=\"\">A empresa tinha anunciado que iria\u00a0encerrar atividades em fevereiro\u00a0porque teria mais de R$ 1 bilh\u00e3o a receber do estado. A empresa tinha contrato at\u00e9 2023 com o governo.<\/p>\n<\/div>\n<\/div>\n<div id=\"chunk-50q7u\">\n<div class=\"mc-column content-text active-extra-styles \" data-block-type=\"unstyled\" data-block-weight=\"48\" data-block-id=\"5\">\n<p class=\"content-text__container \" data-track-category=\"Link no Texto\" data-track-links=\"\">&#8220;Conseguimos garantir que toda a popula\u00e7\u00e3o que usa as barcas n\u00e3o ficar\u00e1 desassistida. Ap\u00f3s uma reuni\u00e3o com a CCR Barcas, ficou decidido que a concession\u00e1ria ficar\u00e1 \u00e0 frente do servi\u00e7o de transporte aquavi\u00e1rio por mais um ano depois do t\u00e9rmino do contrato&#8221;, afirmou Castro em suas redes sociais.<\/p>\n<\/div>\n<\/div>\n<div id=\"chunk-6vkin\">\n<div class=\"mc-column content-text active-extra-styles \" data-block-type=\"unstyled\" data-block-weight=\"45\" data-block-id=\"7\">\n<p class=\"content-text__container \" data-track-category=\"Link no Texto\" data-track-links=\"\">Vamos enviar os termos do acordo para aprova\u00e7\u00e3o do Minist\u00e9rio P\u00fablico do Rio de Janeiro e homologa\u00e7\u00e3o junto ao Poder Judici\u00e1rio. A perman\u00eancia da CCR vai dar mais estabilidade para a conclus\u00e3o da nova modelagem em elabora\u00e7\u00e3o pela UFRJ e \u00e0 futura licita\u00e7\u00e3o&#8221;, acrescentou Castro.<\/p>\n<\/div>\n<\/div>\n<div id=\"chunk-dvbs8\">\n<div class=\"mc-column content-text active-extra-styles \" data-block-type=\"unstyled\" data-block-weight=\"44\" data-block-id=\"8\">\n<p class=\"content-text__container \" data-track-category=\"Link no Texto\" data-track-links=\"\">&#8220;Conseguimos reduzir em 40% o c\u00e1lculo apresentado pela empresa, assegurando maior vantagem aos cofres p\u00fablicos. Este acordo marca a concretiza\u00e7\u00e3o de meses de negocia\u00e7\u00e3o e a reafirma\u00e7\u00e3o de uma certeza: n\u00e3o havia risco de interrup\u00e7\u00e3o do servi\u00e7o. A popula\u00e7\u00e3o \u00e9 a maior beneficiada&#8221;, finalizou.<\/p>\n<\/div>\n<\/div>\n<div id=\"chunk-35vb3\">\n<div class=\"mc-column content-text active-extra-styles \" data-block-type=\"unstyled\" data-block-weight=\"39\" data-block-id=\"9\">\n<p class=\"content-text__container \" data-track-category=\"Link no Texto\" data-track-links=\"\">Atualmente a CCR administra seis linhas das barcas do Rio. No in\u00edcio do m\u00eas, o Tribunal de Contas do Estado do Rio de Janeiro\u00a0pediu mais informa\u00e7\u00f5es do governo do estado sobre o processo de licita\u00e7\u00e3o\u00a0das barcas.<\/p>\n<p data-track-category=\"Link no Texto\" data-track-links=\"\">Fonte: G1<\/p>\n<\/div>\n<\/div>\n<\/div>\n","protected":false},"excerpt":{"rendered":"<p>O governador do Rio de Janeiro, Cl\u00e1udio Castro, anunciou na tarde desta segunda-feira (5) que a concession\u00e1ria CCR Barcas topou, ap\u00f3s uma reuni\u00e3o com o&#8230;<\/p>\n","protected":false},"author":1527,"featured_media":40751,"comment_status":"closed","ping_status":"closed","sticky":false,"template":"","format":"standard","meta":{"footnotes":""},"categories":[6],"tags":[],"class_list":["post-42706","post","type-post","status-publish","format-standard","has-post-thumbnail","hentry","category-noticias"],"_links":{"self":[{"href":"https:\/\/www.sincomam.org.br\/index.php\/wp-json\/wp\/v2\/posts\/42706","targetHints":{"allow":["GET"]}}],"collection":[{"href":"https:\/\/www.sincomam.org.br\/index.php\/wp-json\/wp\/v2\/posts"}],"about":[{"href":"https:\/\/www.sincomam.org.br\/index.php\/wp-json\/wp\/v2\/types\/post"}],"author":[{"embeddable":true,"href":"https:\/\/www.sincomam.org.br\/index.php\/wp-json\/wp\/v2\/users\/1527"}],"replies":[{"embeddable":true,"href":"https:\/\/www.sincomam.org.br\/index.php\/wp-json\/wp\/v2\/comments?post=42706"}],"version-history":[{"count":1,"href":"https:\/\/www.sincomam.org.br\/index.php\/wp-json\/wp\/v2\/posts\/42706\/revisions"}],"predecessor-version":[{"id":42708,"href":"https:\/\/www.sincomam.org.br\/index.php\/wp-json\/wp\/v2\/posts\/42706\/revisions\/42708"}],"wp:featuredmedia":[{"embeddable":true,"href":"https:\/\/www.sincomam.org.br\/index.php\/wp-json\/wp\/v2\/media\/40751"}],"wp:attachment":[{"href":"https:\/\/www.sincomam.org.br\/index.php\/wp-json\/wp\/v2\/media?parent=42706"}],"wp:term":[{"taxonomy":"category","embeddable":true,"href":"https:\/\/www.sincomam.org.br\/index.php\/wp-json\/wp\/v2\/categories?post=42706"},{"taxonomy":"post_tag","embeddable":true,"href":"https:\/\/www.sincomam.org.br\/index.php\/wp-json\/wp\/v2\/tags?post=42706"}],"curies":[{"name":"wp","href":"https:\/\/api.w.org\/{rel}","templated":true}]}}