{"id":42693,"date":"2022-12-05T09:03:43","date_gmt":"2022-12-05T12:03:43","guid":{"rendered":"http:\/\/www.sincomam.org.br\/?p=42693"},"modified":"2022-12-05T09:03:43","modified_gmt":"2022-12-05T12:03:43","slug":"porto-de-itajai-permanecera-municipal-por-dois-anos","status":"publish","type":"post","link":"https:\/\/www.sincomam.org.br\/index.php\/porto-de-itajai-permanecera-municipal-por-dois-anos\/","title":{"rendered":"Porto de Itaja\u00ed permanecer\u00e1 municipal por dois anos"},"content":{"rendered":"<p>O Porto de Itaja\u00ed continuar\u00e1 sob administra\u00e7\u00e3o municipal pelos pr\u00f3ximos dois anos. Conv\u00eanio nesse sentido foi assinado da quinta-feira (1) no gabinete da Secretaria Nacional de Portos e Transportes Aquavi\u00e1rios, em Bras\u00edlia, a pedido do Minist\u00e9rio da Infraestrutura e Transportes Aquavi\u00e1rios. O prefeito de Itaja\u00ed em exerc\u00edcio, Marcelo Sodr\u00e9, o superintendente do porto, F\u00e1bio da Veiga, o secret\u00e1rio nacional de Portos, M\u00e1rio Povia, e o presidente do Ernando Alves Junior, presidente do Sindicato dos Arrumadores da Intersindical Laboral, participaram da assinatura. O conv\u00eanio com o munic\u00edpio encerraria em 31 de dezembro deste ano.<\/p>\n<p>&#8220;A prorroga\u00e7\u00e3o por mais dois anos de atividades nos deixa mais confiantes de que o Porto de Itaja\u00ed estar\u00e1 com seus port\u00f5es abertos para movimentar e incrementar cada vez mais suas opera\u00e7\u00f5es\u201d, destaca F\u00e1bio da Veiga, superintendente do Porto de Itaja\u00ed.<\/p>\n<p>O Complexo Portu\u00e1rio de Itaja\u00ed movimenta mais de 70% do com\u00e9rcio de Santa Catarina e quase 5% do nacional. \u00c9 tamb\u00e9m o segundo maior em movimenta\u00e7\u00e3o de cargas conteinerizadas no pa\u00eds, atr\u00e1s apenas do Porto de Santos. Al\u00e9m disso, a atividade portu\u00e1ria proporcionou o crescimento do PIB do munic\u00edpio de Itaja\u00ed em mais de 50%.<\/p>\n<p>\u201cA prorroga\u00e7\u00e3o do conv\u00eanio foi uma solicita\u00e7\u00e3o do pr\u00f3prio Minist\u00e9rio da Infraestrutura e comprova que a administra\u00e7\u00e3o municipal tem conduzido as atividades portu\u00e1rias com muita responsabilidade e efici\u00eancia nas \u00faltimas d\u00e9cadas\u201d, explica Marcelo Sodr\u00e9, prefeito de Itaja\u00ed em exerc\u00edcio.<\/p>\n<p>O contrato de Conv\u00eanio de Delega\u00e7\u00e3o da autoridade portu\u00e1ria ao munic\u00edpio foi formalizado em 1997 e proporcionou protagonismo financeiro e econ\u00f4mico \u00e0 cidade. Com a prorroga\u00e7\u00e3o, a manuten\u00e7\u00e3o das opera\u00e7\u00f5es portu\u00e1rias est\u00e1 garantida por dois anos ou at\u00e9 que seja finalizado o processo de desestatiza\u00e7\u00e3o do Porto de Itaja\u00ed. Devem ser investidos cerca de R$ 2 bilh\u00f5es para desenvolvimento do terminal por parte da empresa vencedora do leil\u00e3o.<\/p>\n<p>Fonte: Portos e Navios<\/p>\n","protected":false},"excerpt":{"rendered":"<p>O Porto de Itaja\u00ed continuar\u00e1 sob administra\u00e7\u00e3o municipal pelos pr\u00f3ximos dois anos. Conv\u00eanio nesse sentido foi assinado da quinta-feira (1) no gabinete da Secretaria Nacional&#8230;<\/p>\n","protected":false},"author":1527,"featured_media":42694,"comment_status":"closed","ping_status":"closed","sticky":false,"template":"","format":"standard","meta":{"footnotes":""},"categories":[6],"tags":[],"class_list":["post-42693","post","type-post","status-publish","format-standard","has-post-thumbnail","hentry","category-noticias"],"_links":{"self":[{"href":"https:\/\/www.sincomam.org.br\/index.php\/wp-json\/wp\/v2\/posts\/42693","targetHints":{"allow":["GET"]}}],"collection":[{"href":"https:\/\/www.sincomam.org.br\/index.php\/wp-json\/wp\/v2\/posts"}],"about":[{"href":"https:\/\/www.sincomam.org.br\/index.php\/wp-json\/wp\/v2\/types\/post"}],"author":[{"embeddable":true,"href":"https:\/\/www.sincomam.org.br\/index.php\/wp-json\/wp\/v2\/users\/1527"}],"replies":[{"embeddable":true,"href":"https:\/\/www.sincomam.org.br\/index.php\/wp-json\/wp\/v2\/comments?post=42693"}],"version-history":[{"count":1,"href":"https:\/\/www.sincomam.org.br\/index.php\/wp-json\/wp\/v2\/posts\/42693\/revisions"}],"predecessor-version":[{"id":42695,"href":"https:\/\/www.sincomam.org.br\/index.php\/wp-json\/wp\/v2\/posts\/42693\/revisions\/42695"}],"wp:featuredmedia":[{"embeddable":true,"href":"https:\/\/www.sincomam.org.br\/index.php\/wp-json\/wp\/v2\/media\/42694"}],"wp:attachment":[{"href":"https:\/\/www.sincomam.org.br\/index.php\/wp-json\/wp\/v2\/media?parent=42693"}],"wp:term":[{"taxonomy":"category","embeddable":true,"href":"https:\/\/www.sincomam.org.br\/index.php\/wp-json\/wp\/v2\/categories?post=42693"},{"taxonomy":"post_tag","embeddable":true,"href":"https:\/\/www.sincomam.org.br\/index.php\/wp-json\/wp\/v2\/tags?post=42693"}],"curies":[{"name":"wp","href":"https:\/\/api.w.org\/{rel}","templated":true}]}}