{"id":42637,"date":"2022-12-01T09:30:23","date_gmt":"2022-12-01T12:30:23","guid":{"rendered":"http:\/\/www.sincomam.org.br\/?p=42637"},"modified":"2022-12-01T09:30:23","modified_gmt":"2022-12-01T12:30:23","slug":"tce-rj-cobra-informacoes-do-governo-do-estado-sobre-contrato-de-concessao-das-barcas-entenda-o-impasse","status":"publish","type":"post","link":"https:\/\/www.sincomam.org.br\/index.php\/tce-rj-cobra-informacoes-do-governo-do-estado-sobre-contrato-de-concessao-das-barcas-entenda-o-impasse\/","title":{"rendered":"TCE-RJ cobra informa\u00e7\u00f5es do governo do estado sobre contrato de concess\u00e3o das barcas; entenda o impasse"},"content":{"rendered":"<p>O Tribunal de Contas do Estado do Rio de Janeiro quer mais informa\u00e7\u00f5es do governo do estado sobre o processo de licita\u00e7\u00e3o das barcas. A atual concession\u00e1ria, a CCR, j\u00e1 anunciou que deixa a fun\u00e7\u00e3o em 11 de fevereiro, quando termina o seu contrato.<\/p>\n<p>Mas at\u00e9 agora, in\u00edcio de dezembro, n\u00e3o h\u00e1 indica\u00e7\u00f5es de quem assumir\u00e1 ou como ficar\u00e1 o servi\u00e7o.<\/p>\n<p>Em sua defesa, o governo diz que contratou a UFRJ para fazer uma nova modelagem de licita\u00e7\u00e3o, que o projeto est\u00e1 dentro do prazo e que tem um acordo com a CCR para que ela siga operando o servi\u00e7o at\u00e9 que tudo esteja terminado para a nova empresa que vai operar as barcas.<\/p>\n<p>A CCR nega que v\u00e1 continuar e est\u00e1 movendo uma a\u00e7\u00e3o contra o estado e a Ag\u00eancia Reguladora de Transportes (Agetransp) para que o contrato seja extinto o quanto antes. A Justi\u00e7a marcou para a quinta-feira (1\u00ba) uma audi\u00eancia para ouvir as partes.<\/p>\n<p>O TCE pediu mais informa\u00e7\u00f5es do contrato da UFRJ, quer saber se o prazo est\u00e1 atrasado e como v\u00e3o ficar as cerca de 40 mil pessoas que usam o servi\u00e7o das barcas todos os dias.<\/p>\n<p>A CCR nega que v\u00e1 continuar e est\u00e1 movendo uma a\u00e7\u00e3o contra o estado e a Ag\u00eancia Reguladora de Transportes (Agetransp) para que o contrato seja extinto o quanto antes. A Justi\u00e7a marcou para a quinta-feira (1\u00ba) uma audi\u00eancia para ouvir as partes.<\/p>\n<p>O TCE pediu mais informa\u00e7\u00f5es do contrato da UFRJ, quer saber se o prazo est\u00e1 atrasado e como v\u00e3o ficar as cerca de 40 mil pessoas que usam o servi\u00e7o das barcas todos os dias.<\/p>\n<p>A empresa diz ainda que a decis\u00e3o foi comunicada \u00e0s autoridades, em tempo h\u00e1bil para que o estado tomasse as provid\u00eancias necess\u00e1rias para assegurar a continuidade da presta\u00e7\u00e3o do servi\u00e7o.<\/p>\n<p>Professor de Direito Administrativo da PUC-Rio e da UFF Andr\u00e9 Saddy acredita que qualquer que seja a solu\u00e7\u00e3o, o governo do estado vai pagar mais caro.<\/p>\n<p>Fonte: G1<\/p>\n","protected":false},"excerpt":{"rendered":"<p>O Tribunal de Contas do Estado do Rio de Janeiro quer mais informa\u00e7\u00f5es do governo do estado sobre o processo de licita\u00e7\u00e3o das barcas. A&#8230;<\/p>\n","protected":false},"author":1527,"featured_media":40751,"comment_status":"closed","ping_status":"closed","sticky":false,"template":"","format":"standard","meta":{"footnotes":""},"categories":[6],"tags":[],"class_list":["post-42637","post","type-post","status-publish","format-standard","has-post-thumbnail","hentry","category-noticias"],"_links":{"self":[{"href":"https:\/\/www.sincomam.org.br\/index.php\/wp-json\/wp\/v2\/posts\/42637","targetHints":{"allow":["GET"]}}],"collection":[{"href":"https:\/\/www.sincomam.org.br\/index.php\/wp-json\/wp\/v2\/posts"}],"about":[{"href":"https:\/\/www.sincomam.org.br\/index.php\/wp-json\/wp\/v2\/types\/post"}],"author":[{"embeddable":true,"href":"https:\/\/www.sincomam.org.br\/index.php\/wp-json\/wp\/v2\/users\/1527"}],"replies":[{"embeddable":true,"href":"https:\/\/www.sincomam.org.br\/index.php\/wp-json\/wp\/v2\/comments?post=42637"}],"version-history":[{"count":1,"href":"https:\/\/www.sincomam.org.br\/index.php\/wp-json\/wp\/v2\/posts\/42637\/revisions"}],"predecessor-version":[{"id":42638,"href":"https:\/\/www.sincomam.org.br\/index.php\/wp-json\/wp\/v2\/posts\/42637\/revisions\/42638"}],"wp:featuredmedia":[{"embeddable":true,"href":"https:\/\/www.sincomam.org.br\/index.php\/wp-json\/wp\/v2\/media\/40751"}],"wp:attachment":[{"href":"https:\/\/www.sincomam.org.br\/index.php\/wp-json\/wp\/v2\/media?parent=42637"}],"wp:term":[{"taxonomy":"category","embeddable":true,"href":"https:\/\/www.sincomam.org.br\/index.php\/wp-json\/wp\/v2\/categories?post=42637"},{"taxonomy":"post_tag","embeddable":true,"href":"https:\/\/www.sincomam.org.br\/index.php\/wp-json\/wp\/v2\/tags?post=42637"}],"curies":[{"name":"wp","href":"https:\/\/api.w.org\/{rel}","templated":true}]}}