{"id":42600,"date":"2022-11-29T11:40:46","date_gmt":"2022-11-29T14:40:46","guid":{"rendered":"http:\/\/www.sincomam.org.br\/?p=42600"},"modified":"2022-11-29T11:40:46","modified_gmt":"2022-11-29T14:40:46","slug":"navios-do-comando-do-1o-esquadrao-de-escolta-recebem-premiacao","status":"publish","type":"post","link":"https:\/\/www.sincomam.org.br\/index.php\/navios-do-comando-do-1o-esquadrao-de-escolta-recebem-premiacao\/","title":{"rendered":"Navios do Comando do 1o Esquadr\u00e3o de Escolta recebem premia\u00e7\u00e3o"},"content":{"rendered":"<p>As Fragatas \u201cLiberal\u201d e \u201cDefensora\u201d receberam importante reconhecimento pelos servi\u00e7os prestados \u00e0 Marinha do Brasil (MB) e \u00e0 sociedade brasileira. Ambas foram laureadas na XXXIII Cerim\u00f4nia de Entrega dos Pr\u00eamios Controle Naval do Tr\u00e1fego Mar\u00edtimo, realizada em 22 de novembro, no Comando de Opera\u00e7\u00f5es Mar\u00edtimas e Prote\u00e7\u00e3o da Amaz\u00f4nia Azul (COMPAAz). A solenidade, presidida pelo Comandante de Opera\u00e7\u00f5es Navais (ComOpNav), Almirante de Esquadra Marcos Sampaio Olsen, marcou tamb\u00e9m o anivers\u00e1rio de 1 ano de ativa\u00e7\u00e3o do COMPAAz.<\/p>\n<p class=\" aBigClassNameToAvoidCollisionInText aBigClassNameToAvoidCollisionInText\">A \u201cLiberal\u201d foi agraciada na categoria \u201cNavio Socorro da Esquadra\u201d, que \u00e9 destinada aos navios que mais se destacaram no cumprimento das tarefas de Socorro e Salvamento no \u00e2mbito da Esquadra. J\u00e1 a \u201cDefensora\u201d conquistou o pr\u00eamio \u201cContato-CNTM\u201d, que visa reconhecer os Navios e Esquadr\u00f5es de Helic\u00f3pteros da MB, bem como os Esquadr\u00f5es da For\u00e7a A\u00e9rea Brasileira, que se distinguiram no encaminhamento ao Sistema de Informa\u00e7\u00f5es Sobre o Tr\u00e1fego Mar\u00edtimo dentro da \u00c1rea de Responsabilidade Search and Rescue (SAR) brasileira.<\/p>\n<p>Os resultados alcan\u00e7ados demonstram o atual estado de prontid\u00e3o dos navios subordinados ao Comando do 1\u00ba Esquadr\u00e3o de Escolta, que det\u00e9m parcela consider\u00e1vel do Poder Naval Brasileiro.<\/p>\n<p>Fonte: Defesa em Foco<\/p>\n","protected":false},"excerpt":{"rendered":"<p>As Fragatas \u201cLiberal\u201d e \u201cDefensora\u201d receberam importante reconhecimento pelos servi\u00e7os prestados \u00e0 Marinha do Brasil (MB) e \u00e0 sociedade brasileira. Ambas foram laureadas na XXXIII&#8230;<\/p>\n","protected":false},"author":1527,"featured_media":42601,"comment_status":"closed","ping_status":"closed","sticky":false,"template":"","format":"standard","meta":{"footnotes":""},"categories":[6],"tags":[],"class_list":["post-42600","post","type-post","status-publish","format-standard","has-post-thumbnail","hentry","category-noticias"],"_links":{"self":[{"href":"https:\/\/www.sincomam.org.br\/index.php\/wp-json\/wp\/v2\/posts\/42600","targetHints":{"allow":["GET"]}}],"collection":[{"href":"https:\/\/www.sincomam.org.br\/index.php\/wp-json\/wp\/v2\/posts"}],"about":[{"href":"https:\/\/www.sincomam.org.br\/index.php\/wp-json\/wp\/v2\/types\/post"}],"author":[{"embeddable":true,"href":"https:\/\/www.sincomam.org.br\/index.php\/wp-json\/wp\/v2\/users\/1527"}],"replies":[{"embeddable":true,"href":"https:\/\/www.sincomam.org.br\/index.php\/wp-json\/wp\/v2\/comments?post=42600"}],"version-history":[{"count":1,"href":"https:\/\/www.sincomam.org.br\/index.php\/wp-json\/wp\/v2\/posts\/42600\/revisions"}],"predecessor-version":[{"id":42602,"href":"https:\/\/www.sincomam.org.br\/index.php\/wp-json\/wp\/v2\/posts\/42600\/revisions\/42602"}],"wp:featuredmedia":[{"embeddable":true,"href":"https:\/\/www.sincomam.org.br\/index.php\/wp-json\/wp\/v2\/media\/42601"}],"wp:attachment":[{"href":"https:\/\/www.sincomam.org.br\/index.php\/wp-json\/wp\/v2\/media?parent=42600"}],"wp:term":[{"taxonomy":"category","embeddable":true,"href":"https:\/\/www.sincomam.org.br\/index.php\/wp-json\/wp\/v2\/categories?post=42600"},{"taxonomy":"post_tag","embeddable":true,"href":"https:\/\/www.sincomam.org.br\/index.php\/wp-json\/wp\/v2\/tags?post=42600"}],"curies":[{"name":"wp","href":"https:\/\/api.w.org\/{rel}","templated":true}]}}