{"id":42597,"date":"2022-11-29T11:37:30","date_gmt":"2022-11-29T14:37:30","guid":{"rendered":"http:\/\/www.sincomam.org.br\/?p=42597"},"modified":"2022-11-29T11:37:30","modified_gmt":"2022-11-29T14:37:30","slug":"presidente-de-suape-integra-grupo-de-transicao-do-governo-federal-para-fortalecimento-do-setor-portuario","status":"publish","type":"post","link":"https:\/\/www.sincomam.org.br\/index.php\/presidente-de-suape-integra-grupo-de-transicao-do-governo-federal-para-fortalecimento-do-setor-portuario\/","title":{"rendered":"Presidente de Suape integra grupo de transi\u00e7\u00e3o do governo federal para fortalecimento do setor portu\u00e1rio"},"content":{"rendered":"<p>O diretor-presidente do Complexo Industrial Portu\u00e1rio de Suape, Francisco Martins, \u00e9 um dos novos integrantes do grupo de transi\u00e7\u00e3o no setor da infraestrutura do novo governo do presidente eleito Luiz In\u00e1cio Lula da Silva, que tomar\u00e1 posse no dia 1\u00ba de janeiro de 2023.<\/p>\n<p>Com grande experi\u00eancia na \u00e1rea portu\u00e1ria, o titular da autarquia pernambucana j\u00e1 participou, na semana passada, de uma primeira reuni\u00e3o com t\u00e9cnicos da Secretaria Nacional de Portos, em Bras\u00edlia. Al\u00e9m da \u00e1rea de portos, poder\u00e1 contribuir na \u00e1rea de ferrovias por ter participado ativamente das discuss\u00f5es sobre a Transnordestina, al\u00e9m de ter contribu\u00eddo com o marco ferrovi\u00e1rio estadual que instituiu a Pol\u00edtica Estadual de Transporte Ferrovi\u00e1rio e o Sistema Ferrovi\u00e1rio Estadual.<\/p>\n<p>O convite para integrar os trabalhos de transi\u00e7\u00e3o, que v\u00e3o at\u00e9 o final do ano, partiu da coordenadora do grupo, a ex-ministra do Planejamento, Or\u00e7amento e Gest\u00e3o de Dilma Rousseff, Miriam Belchior, designada por Lula para encabe\u00e7ar este tema e subsidiar a pr\u00f3xima gest\u00e3o federal em rela\u00e7\u00e3o \u00e0s car\u00eancias e estrat\u00e9gias para a infraestrutura do pa\u00eds.<\/p>\n<p>\u201cMe sinto ao mesmo tempo honrado e muito motivado pela oportunidade de contribuir com a transi\u00e7\u00e3o. Esse \u00e9 um momento hist\u00f3rico para a democracia brasileira e muito esperado por todos. O destaque de Suape e seu papel estrat\u00e9gico no cen\u00e1rio log\u00edstico nacional certamente contribu\u00edram para esse convite. Nos \u00faltimos anos discutimos com o Minist\u00e9rio da Infraestrutura, n\u00e3o apenas assuntos de Suape mas tamb\u00e9m a necessidade de estimular o setor portu\u00e1rio e as pol\u00edticas que resultassem em seu fortalecimento, pois o modal mar\u00edtimo e o ferrovi\u00e1rio podem contribuir muito com a competitividade do pa\u00eds\u201d, salienta Francisco Martins.<\/p>\n<p>Fonte: Portos e Navios<\/p>\n","protected":false},"excerpt":{"rendered":"<p>O diretor-presidente do Complexo Industrial Portu\u00e1rio de Suape, Francisco Martins, \u00e9 um dos novos integrantes do grupo de transi\u00e7\u00e3o no setor da infraestrutura do novo&#8230;<\/p>\n","protected":false},"author":1527,"featured_media":42598,"comment_status":"closed","ping_status":"closed","sticky":false,"template":"","format":"standard","meta":{"footnotes":""},"categories":[6],"tags":[],"class_list":["post-42597","post","type-post","status-publish","format-standard","has-post-thumbnail","hentry","category-noticias"],"_links":{"self":[{"href":"https:\/\/www.sincomam.org.br\/index.php\/wp-json\/wp\/v2\/posts\/42597","targetHints":{"allow":["GET"]}}],"collection":[{"href":"https:\/\/www.sincomam.org.br\/index.php\/wp-json\/wp\/v2\/posts"}],"about":[{"href":"https:\/\/www.sincomam.org.br\/index.php\/wp-json\/wp\/v2\/types\/post"}],"author":[{"embeddable":true,"href":"https:\/\/www.sincomam.org.br\/index.php\/wp-json\/wp\/v2\/users\/1527"}],"replies":[{"embeddable":true,"href":"https:\/\/www.sincomam.org.br\/index.php\/wp-json\/wp\/v2\/comments?post=42597"}],"version-history":[{"count":1,"href":"https:\/\/www.sincomam.org.br\/index.php\/wp-json\/wp\/v2\/posts\/42597\/revisions"}],"predecessor-version":[{"id":42599,"href":"https:\/\/www.sincomam.org.br\/index.php\/wp-json\/wp\/v2\/posts\/42597\/revisions\/42599"}],"wp:featuredmedia":[{"embeddable":true,"href":"https:\/\/www.sincomam.org.br\/index.php\/wp-json\/wp\/v2\/media\/42598"}],"wp:attachment":[{"href":"https:\/\/www.sincomam.org.br\/index.php\/wp-json\/wp\/v2\/media?parent=42597"}],"wp:term":[{"taxonomy":"category","embeddable":true,"href":"https:\/\/www.sincomam.org.br\/index.php\/wp-json\/wp\/v2\/categories?post=42597"},{"taxonomy":"post_tag","embeddable":true,"href":"https:\/\/www.sincomam.org.br\/index.php\/wp-json\/wp\/v2\/tags?post=42597"}],"curies":[{"name":"wp","href":"https:\/\/api.w.org\/{rel}","templated":true}]}}