{"id":42588,"date":"2022-11-29T11:33:02","date_gmt":"2022-11-29T14:33:02","guid":{"rendered":"http:\/\/www.sincomam.org.br\/?p=42588"},"modified":"2022-11-29T11:33:02","modified_gmt":"2022-11-29T14:33:02","slug":"porto-de-santos-ganha-portal-com-videos-em-imersao-360","status":"publish","type":"post","link":"https:\/\/www.sincomam.org.br\/index.php\/porto-de-santos-ganha-portal-com-videos-em-imersao-360\/","title":{"rendered":"Porto de Santos ganha portal com v\u00eddeos em imers\u00e3o 360\u00b0"},"content":{"rendered":"<p>Em 2022, o Porto de Santos (SP) celebrou 130 anos. E para comemorar a data, est\u00e1 lan\u00e7ando o site \u2018Portoem360\u2019. O portal hospedar\u00e1 produ\u00e7\u00f5es em imers\u00e3o 360\u00b0 (efeito 3D) que colocam o espectador dentro das opera\u00e7\u00f5es portu\u00e1rias, aproximando o p\u00fablico. O projeto foi apresentado pela primeira vez, com o fornecimento de \u00f3culos de realidade virtual, dentro do AAPA Latino \u2013 30\u00ba Congresso Latinoamericano de Portos, em Santos, e estar\u00e1 dispon\u00edvel para o p\u00fablico em geral a partir desta ter\u00e7a-feira (29).<\/p>\n<p>Atrav\u00e9s do Portoem360, ser\u00e1 poss\u00edvel conhecer virtualmente em detalhes, as vistas, locais, cargas e equipamentos que dificilmente a popula\u00e7\u00e3o poderia ter acesso. As produ\u00e7\u00f5es t\u00eam inser\u00e7\u00f5es &#8220;live action&#8221;, com cenas que foram gravadas dentro dos navios, nos terminais portu\u00e1rios, em barcos de apoio e em pontos da cidade de Santos e Guaruj\u00e1, onde existem espa\u00e7os de intera\u00e7\u00e3o com o porto.<\/p>\n<p>Para o produtor executivo do projeto, Silvio Reis Jr., \u00e0 frente da produtora de audiovisual Release Eletr\u00f4nico, \u201cningu\u00e9m defende ou respeita aquilo que n\u00e3o conhece\u201d. Por isso, ele considera essencial produzir conhecimento e buscar um envolvimento maior com o p\u00fablico.<\/p>\n<p>Reis v\u00ea como uma das consequ\u00eancias diretas do baixo envolvimento entre o p\u00fablico e o porto, a aus\u00eancia de percep\u00e7\u00e3o quanto \u00e0s possibilidades nas \u00e1reas de forma\u00e7\u00e3o e ingresso em carreiras profissionais relacionadas. \u201cConhecendo a evolu\u00e7\u00e3o tecnol\u00f3gica do setor, os jovens podem planejar com melhor seguran\u00e7a o investimento em forma\u00e7\u00e3o t\u00e9cnica\u201d, explicou.<\/p>\n<p>Al\u00e9m disso, o produtor acredita que a imers\u00e3o possibilite a amplia\u00e7\u00e3o da no\u00e7\u00e3o da import\u00e2ncia hist\u00f3rica, econ\u00f4mica e social; a melhoria da percep\u00e7\u00e3o para a opini\u00e3o p\u00fablica; a qualifica\u00e7\u00e3o das abordagens; al\u00e9m de instrumentar os debates, principalmente sobre a rela\u00e7\u00e3o do porto ou dos portos com as suas cidades.<\/p>\n<p>O Portoem360 criar\u00e1 para o espectador a sensa\u00e7\u00e3o de intimidade com o ambiente portu\u00e1rio. Para Luiz Claudio Lopes, roteirista, ao assistir aos v\u00eddeos o p\u00fablico vai se sentir transportado para o local da imagem. \u201cCom a imers\u00e3o 360\u00b0, conseguimos colocar o espectador literalmente dentro de um navio, em locais que rar\u00edssimas pessoas t\u00eam a chance de acessar\u201d, destacou.<\/p>\n<p>Os v\u00eddeos para o portal t\u00eam imagens captadas com imers\u00e3o 360\u00b0 com c\u00e2meras de 8K, com estereoscopia, mais comumente chamado de efeito 3D. A sonoriza\u00e7\u00e3o, a edi\u00e7\u00e3o e a finaliza\u00e7\u00e3o foram feitas em softwares apropriados. As primeiras cinco edi\u00e7\u00f5es fazem parte do pacote contemplado com o Edital do Proac, com os t\u00edtulos \u2018O Porto\u2019; \u2018Navios e Coordena\u00e7\u00e3o\u2019; \u2018Opera\u00e7\u00e3o Cont\u00eainer\u2019; \u2018Opera\u00e7\u00e3o A\u00e7\u00facar\u2019; e \u2018Opera\u00e7\u00e3o Celulose\u2019. H\u00e1 ainda a possibilidade de levar o projeto para outros complexos portu\u00e1rios. O hotsite estar\u00e1 hospedado no endere\u00e7o espec\u00edfico com o nome do projeto e tamb\u00e9m no\u00a0<a href=\"https:\/\/www.youtube.com\/@portoem360\" target=\"_blank\" rel=\"noopener\">Youtube<\/a>.<\/p>\n<p>Fonte: Portos e Navios<\/p>\n","protected":false},"excerpt":{"rendered":"<p>Em 2022, o Porto de Santos (SP) celebrou 130 anos. E para comemorar a data, est\u00e1 lan\u00e7ando o site \u2018Portoem360\u2019. O portal hospedar\u00e1 produ\u00e7\u00f5es em&#8230;<\/p>\n","protected":false},"author":1527,"featured_media":42589,"comment_status":"closed","ping_status":"closed","sticky":false,"template":"","format":"standard","meta":{"footnotes":""},"categories":[6],"tags":[],"class_list":["post-42588","post","type-post","status-publish","format-standard","has-post-thumbnail","hentry","category-noticias"],"_links":{"self":[{"href":"https:\/\/www.sincomam.org.br\/index.php\/wp-json\/wp\/v2\/posts\/42588","targetHints":{"allow":["GET"]}}],"collection":[{"href":"https:\/\/www.sincomam.org.br\/index.php\/wp-json\/wp\/v2\/posts"}],"about":[{"href":"https:\/\/www.sincomam.org.br\/index.php\/wp-json\/wp\/v2\/types\/post"}],"author":[{"embeddable":true,"href":"https:\/\/www.sincomam.org.br\/index.php\/wp-json\/wp\/v2\/users\/1527"}],"replies":[{"embeddable":true,"href":"https:\/\/www.sincomam.org.br\/index.php\/wp-json\/wp\/v2\/comments?post=42588"}],"version-history":[{"count":1,"href":"https:\/\/www.sincomam.org.br\/index.php\/wp-json\/wp\/v2\/posts\/42588\/revisions"}],"predecessor-version":[{"id":42590,"href":"https:\/\/www.sincomam.org.br\/index.php\/wp-json\/wp\/v2\/posts\/42588\/revisions\/42590"}],"wp:featuredmedia":[{"embeddable":true,"href":"https:\/\/www.sincomam.org.br\/index.php\/wp-json\/wp\/v2\/media\/42589"}],"wp:attachment":[{"href":"https:\/\/www.sincomam.org.br\/index.php\/wp-json\/wp\/v2\/media?parent=42588"}],"wp:term":[{"taxonomy":"category","embeddable":true,"href":"https:\/\/www.sincomam.org.br\/index.php\/wp-json\/wp\/v2\/categories?post=42588"},{"taxonomy":"post_tag","embeddable":true,"href":"https:\/\/www.sincomam.org.br\/index.php\/wp-json\/wp\/v2\/tags?post=42588"}],"curies":[{"name":"wp","href":"https:\/\/api.w.org\/{rel}","templated":true}]}}