{"id":42562,"date":"2022-11-25T13:11:21","date_gmt":"2022-11-25T16:11:21","guid":{"rendered":"http:\/\/www.sincomam.org.br\/?p=42562"},"modified":"2022-11-25T13:11:21","modified_gmt":"2022-11-25T16:11:21","slug":"marinha-participa-de-evento-que-debate-temporada-de-cheias-dos-rios-amazonicos","status":"publish","type":"post","link":"https:\/\/www.sincomam.org.br\/index.php\/marinha-participa-de-evento-que-debate-temporada-de-cheias-dos-rios-amazonicos\/","title":{"rendered":"Marinha participa de evento que debate temporada de cheias dos rios amaz\u00f4nicos"},"content":{"rendered":"<p>O Comando do 4\u00ba Distrito Naval (Com4\u00baDN) participou, no dia 10 de novembro, da abertura do Semin\u00e1rio Pr\u00e9-Cheia 2022 \u2013 An\u00e1lise e Progn\u00f3stico para 2023, promovido pelo Centro Gestor Operacional do Sistema de Prote\u00e7\u00e3o da Amaz\u00f4nia (Censipam), na sede do \u00f3rg\u00e3o, em Bel\u00e9m (PA). A Marinha do Brasil (MB) foi representada pelo Chefe do Estado-Maior do Com4\u00baDN, Contra-Almirante Carlos Roberto Rocha e Silva Junior.<\/p>\n<p>O Pr\u00e9-Cheia teve como objetivo auxiliar os \u00f3rg\u00e3os parceiros do Censipam a se prepararem para o per\u00edodo de cheias dos principais rios da Amaz\u00f4nia em 2023, possibilitando adotar as provid\u00eancias necess\u00e1rias e alertar a popula\u00e7\u00e3o.<\/p>\n<div class=\"td-a-rec td-a-rec-id-content_inline td_uid_2_6380990401cbf_rand td_block_template_11\">\n<p>O evento reuniu representantes da Defesa Civil, Ag\u00eancia Nacional de \u00c1guas, Centro Nacional de Gerenciamento de Risco de Desastres, Instituto Nacional de Meteorologia, al\u00e9m da MB. Na ocasi\u00e3o, engenheiros, ge\u00f3logos, ge\u00f3grafos, bi\u00f3logos, meteorologistas e ocean\u00f3grafos debateram temas como as amea\u00e7as hidroclim\u00e1ticas ao territ\u00f3rio amaz\u00f4nico e an\u00e1lises das condi\u00e7\u00f5es atuais e esperadas dos reservat\u00f3rios das usinas hidrel\u00e9tricas de Jirau, Santo Ant\u00f4nio, Serra da Mesa, Tucuru\u00ed e Belo Monte.<\/p>\n<p>Fonte: Defesa em Foco<\/p>\n<\/div>\n","protected":false},"excerpt":{"rendered":"<p>O Comando do 4\u00ba Distrito Naval (Com4\u00baDN) participou, no dia 10 de novembro, da abertura do Semin\u00e1rio Pr\u00e9-Cheia 2022 \u2013 An\u00e1lise e Progn\u00f3stico para 2023,&#8230;<\/p>\n","protected":false},"author":1527,"featured_media":42563,"comment_status":"closed","ping_status":"closed","sticky":false,"template":"","format":"standard","meta":{"footnotes":""},"categories":[6],"tags":[],"class_list":["post-42562","post","type-post","status-publish","format-standard","has-post-thumbnail","hentry","category-noticias"],"_links":{"self":[{"href":"https:\/\/www.sincomam.org.br\/index.php\/wp-json\/wp\/v2\/posts\/42562","targetHints":{"allow":["GET"]}}],"collection":[{"href":"https:\/\/www.sincomam.org.br\/index.php\/wp-json\/wp\/v2\/posts"}],"about":[{"href":"https:\/\/www.sincomam.org.br\/index.php\/wp-json\/wp\/v2\/types\/post"}],"author":[{"embeddable":true,"href":"https:\/\/www.sincomam.org.br\/index.php\/wp-json\/wp\/v2\/users\/1527"}],"replies":[{"embeddable":true,"href":"https:\/\/www.sincomam.org.br\/index.php\/wp-json\/wp\/v2\/comments?post=42562"}],"version-history":[{"count":1,"href":"https:\/\/www.sincomam.org.br\/index.php\/wp-json\/wp\/v2\/posts\/42562\/revisions"}],"predecessor-version":[{"id":42564,"href":"https:\/\/www.sincomam.org.br\/index.php\/wp-json\/wp\/v2\/posts\/42562\/revisions\/42564"}],"wp:featuredmedia":[{"embeddable":true,"href":"https:\/\/www.sincomam.org.br\/index.php\/wp-json\/wp\/v2\/media\/42563"}],"wp:attachment":[{"href":"https:\/\/www.sincomam.org.br\/index.php\/wp-json\/wp\/v2\/media?parent=42562"}],"wp:term":[{"taxonomy":"category","embeddable":true,"href":"https:\/\/www.sincomam.org.br\/index.php\/wp-json\/wp\/v2\/categories?post=42562"},{"taxonomy":"post_tag","embeddable":true,"href":"https:\/\/www.sincomam.org.br\/index.php\/wp-json\/wp\/v2\/tags?post=42562"}],"curies":[{"name":"wp","href":"https:\/\/api.w.org\/{rel}","templated":true}]}}