{"id":42536,"date":"2022-11-24T00:12:11","date_gmt":"2022-11-24T03:12:11","guid":{"rendered":"http:\/\/www.sincomam.org.br\/?p=42536"},"modified":"2022-11-24T00:12:11","modified_gmt":"2022-11-24T03:12:11","slug":"plataforma-da-petrobras-deixa-estaleiro-para-operar-na-bacia-de-campos","status":"publish","type":"post","link":"https:\/\/www.sincomam.org.br\/index.php\/plataforma-da-petrobras-deixa-estaleiro-para-operar-na-bacia-de-campos\/","title":{"rendered":"Plataforma da Petrobras deixa estaleiro para operar na Bacia de Campos"},"content":{"rendered":"<p>O\u00a0navio-plataforma Anna Nery\u00a0da Petrobras\u00a0deixou o estaleiro BrasFELS, na cidade de Angra dos Reis,\u00a0na Costa Verde do Rio de Janeiro,\u00a0nesta\u00a0ter\u00e7a-feira (22), com destino \u00e0 Bacia de Campos,\u00a0no norte fluminense.\u00a0A embarca\u00e7\u00e3o\u00a0\u00e9 do tipo FPSO, unidade flutuante que produz, armazena e transfere petr\u00f3leo\u00a0e\u00a0ser\u00e1 instalado no campo de Marlim, com in\u00edcio de produ\u00e7\u00e3o previsto para o primeiro trimestre de 2023.<img decoding=\"async\" src=\"https:\/\/agenciabrasil.ebc.com.br\/ebc.png?id=1495221&amp;o=node\" \/><img decoding=\"async\" src=\"https:\/\/agenciabrasil.ebc.com.br\/ebc.gif?id=1495221&amp;o=node\" \/><\/p>\n<p>O navio, que tem\u00a0capacidade de produzir at\u00e9 70 mil barris de petr\u00f3leo por dia (bpd) e processar at\u00e9 4 milh\u00f5es de metros c\u00fabicos\u00a0de g\u00e1s por dia, \u00e9\u00a0estrat\u00e9gico para o Plano de Renova\u00e7\u00e3o da Bacia de Campos, voltado para a renova\u00e7\u00e3o de ativos maduros operados pela companhia na regi\u00e3o. A\u00a0companhia\u00a0est\u00e1 investindo US$ 16 bilh\u00f5es nesse programa que integra o\u00a0Plano Estrat\u00e9gico para o per\u00edodo de 2022 a 2026.<\/p>\n<p>A nova plataforma ser\u00e1 interligada a 32 po\u00e7os, com pico de produ\u00e7\u00e3o previsto para 2025.\u00a0A Bacia de Campos foi pioneira em inova\u00e7\u00e3o e polo internacional de tecnologia\u00a0<em>offshore<\/em>\u00a0e ber\u00e7o da produ\u00e7\u00e3o em \u00e1guas profundas no Brasil.<\/p>\n<p>Fonte: Ag\u00eancia Brasil<\/p>\n","protected":false},"excerpt":{"rendered":"<p>O\u00a0navio-plataforma Anna Nery\u00a0da Petrobras\u00a0deixou o estaleiro BrasFELS, na cidade de Angra dos Reis,\u00a0na Costa Verde do Rio de Janeiro,\u00a0nesta\u00a0ter\u00e7a-feira (22), com destino \u00e0 Bacia de&#8230;<\/p>\n","protected":false},"author":1527,"featured_media":42537,"comment_status":"closed","ping_status":"closed","sticky":false,"template":"","format":"standard","meta":{"footnotes":""},"categories":[6],"tags":[],"class_list":["post-42536","post","type-post","status-publish","format-standard","has-post-thumbnail","hentry","category-noticias"],"_links":{"self":[{"href":"https:\/\/www.sincomam.org.br\/index.php\/wp-json\/wp\/v2\/posts\/42536","targetHints":{"allow":["GET"]}}],"collection":[{"href":"https:\/\/www.sincomam.org.br\/index.php\/wp-json\/wp\/v2\/posts"}],"about":[{"href":"https:\/\/www.sincomam.org.br\/index.php\/wp-json\/wp\/v2\/types\/post"}],"author":[{"embeddable":true,"href":"https:\/\/www.sincomam.org.br\/index.php\/wp-json\/wp\/v2\/users\/1527"}],"replies":[{"embeddable":true,"href":"https:\/\/www.sincomam.org.br\/index.php\/wp-json\/wp\/v2\/comments?post=42536"}],"version-history":[{"count":1,"href":"https:\/\/www.sincomam.org.br\/index.php\/wp-json\/wp\/v2\/posts\/42536\/revisions"}],"predecessor-version":[{"id":42538,"href":"https:\/\/www.sincomam.org.br\/index.php\/wp-json\/wp\/v2\/posts\/42536\/revisions\/42538"}],"wp:featuredmedia":[{"embeddable":true,"href":"https:\/\/www.sincomam.org.br\/index.php\/wp-json\/wp\/v2\/media\/42537"}],"wp:attachment":[{"href":"https:\/\/www.sincomam.org.br\/index.php\/wp-json\/wp\/v2\/media?parent=42536"}],"wp:term":[{"taxonomy":"category","embeddable":true,"href":"https:\/\/www.sincomam.org.br\/index.php\/wp-json\/wp\/v2\/categories?post=42536"},{"taxonomy":"post_tag","embeddable":true,"href":"https:\/\/www.sincomam.org.br\/index.php\/wp-json\/wp\/v2\/tags?post=42536"}],"curies":[{"name":"wp","href":"https:\/\/api.w.org\/{rel}","templated":true}]}}