{"id":42490,"date":"2022-11-22T11:10:28","date_gmt":"2022-11-22T14:10:28","guid":{"rendered":"http:\/\/www.sincomam.org.br\/?p=42490"},"modified":"2022-11-22T11:10:28","modified_gmt":"2022-11-22T14:10:28","slug":"a-amazonia-azul-e-suas-riquezas-ambientais","status":"publish","type":"post","link":"https:\/\/www.sincomam.org.br\/index.php\/a-amazonia-azul-e-suas-riquezas-ambientais\/","title":{"rendered":"A Amaz\u00f4nia Azul e suas riquezas ambientais"},"content":{"rendered":"<p>Os oceanos cobrem aproximadamente 71% da superf\u00edcie terrestre, o que equivale a 361 milh\u00f5es de quil\u00f4metros quadrados, com um volume de cerca de 1,3 bilh\u00f5es de quil\u00f4metros c\u00fabicos, onde encontra-se 97% da \u00e1gua dispon\u00edvel do nosso planeta. Neste contexto, o bioma marinho apresenta uma consider\u00e1vel gama de ecossitemas presentes na Zona Costeira e Oce\u00e2nica que inclui ilhas, arquip\u00e9lagos e a plataforma continental.<\/p>\n<p>Quando observamos pol\u00edtica e geograficamente o Brasil, podemos afirmar que o Pa\u00eds \u00e9 uma na\u00e7\u00e3o de voca\u00e7\u00e3o mar\u00edtima e est\u00e1 entre as dez maiores Zonas Econ\u00f4micas Exclusivas do mundo, com uma \u00e1rea equivalente \u00e0 Amaz\u00f4nia Verde, posicionando-o entre os maiores produtores mundiais de petr\u00f3leo e g\u00e1s offshore, al\u00e9m de possuir um dos maiores hubs de cabos submarinos do mundo.<\/p>\n<p>As atividades econ\u00f4micas, os riscos associados ao aumento do com\u00e9rcio mar\u00edtimo, a degrada\u00e7\u00e3o ambiental, a polui\u00e7\u00e3o das \u00e1guas, o interesse crescente por recursos energ\u00e9ticos e minerais existentes refor\u00e7am a import\u00e2ncia de prote\u00e7\u00e3o da \u201cAmaz\u00f4nia Azul\u201d. Desta forma, a sociedade depende de pol\u00edticas p\u00fablicas para garantir o cuidado com o meio ambiente, a sustentabilidade e a explora\u00e7\u00e3o racional.<\/p>\n<p>De acordo com o professor de economia da Escola de Guerra Naval e Coordenador do Grupo Economia do Mar, Thauan Santos, \u00e9 imprescind\u00edvel ter clareza do papel chave que a ci\u00eancia tem sobre o desenvolvimento da economia azul, bem como sobre o conhecimento acerca do oceano, de modo geral. Em 2021, a Organiza\u00e7\u00e3o das Na\u00e7\u00f5es Unidas (ONU) lan\u00e7ou oficialmente a D\u00e9cada da Ci\u00eancia Oce\u00e2nica para o Desenvolvimento Sustent\u00e1vel (2021-2030), mais conhecida como \u201cD\u00e9cada do Oceano\u201d, destacando que a ci\u00eancia \u00e9 essencial para o aumento do conhecimento sobre o oceano.<\/p>\n<p>\u201cIsso \u00e9 chave n\u00e3o apenas para a promo\u00e7\u00e3o de um oceano que seja produtivo e sustent\u00e1vel, mas tamb\u00e9m limpo, saud\u00e1vel, seguro, acess\u00edvel, previs\u00edvel e inspirador. Assim, \u00e9 de fundamental import\u00e2ncia a realiza\u00e7\u00e3o de pesquisas e estudos que, por exemplo, facilitem a viabilidade t\u00e9cnica e econ\u00f4mica de determinadas atividades mar\u00edtimas e que utilizem recursos marinhos, promovendo setores chaves da economia do mar\u201d, afirma o professor Thauan.<\/p>\n<div>\n<p><strong>Vertente ambiental da Amaz\u00f4nia Azul<\/strong><br \/>\nA Marinha como Autoridade Mar\u00edtima Brasileira (AMB) estabelece em normas pr\u00f3prias, as NORMAM, orienta\u00e7\u00f5es aos usu\u00e1rios do mar quanto a diversos aspectos. Na vertente ambiental destacam-se as normas sobre polui\u00e7\u00e3o h\u00eddrica causada por embarca\u00e7\u00f5es, plataformas e suas instala\u00e7\u00f5es de apoio. Estas normas t\u00eam como prop\u00f3sito estabelecer procedimentos em caso de lan\u00e7amento de \u00f3leo e outras subst\u00e2ncias nocivas ou perigosas em nossas \u00e1guas; estabelecer procedimentos para o gerenciamento de \u00e1guas de lastro de embarca\u00e7\u00f5es; e estabelecer procedimentos referentes ao controle do uso de sistemas antiincrustantes danosos ao meio ambiente marinho.<\/p>\n<\/div>\n<p>A seguran\u00e7a da navega\u00e7\u00e3o e as normas ambientais s\u00e3o objeto de uma s\u00e9rie de conven\u00e7\u00f5es, c\u00f3digos e resolu\u00e7\u00f5es adotadas pela Organiza\u00e7\u00e3o Mar\u00edtima Internacional (OMI). Como exemplo, a confer\u00eancia de 1972 que teve como resultado a\u00a0<a href=\"https:\/\/wedocs.unep.org\/handle\/20.500.11822\/28247\" target=\"_blank\" rel=\"noopener\">Declara\u00e7\u00e3o de Estocolmo sobre o Meio Ambiente Humano<\/a>, com v\u00e1rias diretrizes para a governan\u00e7a ambiental global e a cria\u00e7\u00e3o do Programa das Na\u00e7\u00f5es Unidas para o Meio Ambiente (PNUMA). S\u00e3o 50 anos de consolidadas condutas sustent\u00e1veis na rotina di\u00e1ria das pessoas e organiza\u00e7\u00f5es.<\/p>\n<p>Sob a lideran\u00e7a do PNUMA, grandes corpora\u00e7\u00f5es, organiza\u00e7\u00f5es n\u00e3o governamentais, comunidades e governos de todo o mundo defendem diversas causas ambientais. \u201cN\u00f3s, militares da Marinha do Brasil, devemos ser sempre o exemplo de zelo e cuidado com o meio ambiente, em especial o aqu\u00e1tico, para que possamos inspirar e multiplicar a\u00e7\u00f5es mais sustent\u00e1veis em diversos n\u00edveis e setores da nossa sociedade\u201d, destacou o Diretor de Portos e Costas, Vice-Almirante Sergio Renato Berna Salguerinho.<\/p>\n<p class=\" aBigClassNameToAvoidCollisionInText aBigClassNameToAvoidCollisionInText\">A sociedade, al\u00e9m de se ater \u00e0s quest\u00f5es normativas e legais,\u00a0 necessita entender o papel da cultura oce\u00e2nica e a import\u00e2ncia do engajamento nessas quest\u00f5es. \u201cSe a popula\u00e7\u00e3o, por exemplo, n\u00e3o sabe que o lixo urbano, mesmo de uma cidade n\u00e3o litor\u00e2nea, poder\u00e1 ter impactos significativos sobre afluentes de rios ou sobre o ambiente costeiro, leis e regras punitivas eventualmente ter\u00e3o seu escopo de atua\u00e7\u00e3o bastante limitado. A prote\u00e7\u00e3o do ambiente marinho e dos recursos h\u00eddricos, de modo mais amplo, possui rela\u00e7\u00e3o direta com \u00e1guas interiores, \u00e1guas subterr\u00e2neas, \u00e1guas nacionais e mesmo potenciais impactos nas din\u00e2micas do alto-mar, que exigem um esfor\u00e7o coletivo de pol\u00edticas p\u00fablicas que v\u00e3o desde o ensino nas escolas at\u00e9 as puni\u00e7\u00f5es legais no sentido de engajar a sociedade em prol de uma rela\u00e7\u00e3o mais harm\u00f4nica entre terra e mar\u201d, considerou o professor Thauan.<\/p>\n<p>Fonte: Defesa em Foco<\/p>\n","protected":false},"excerpt":{"rendered":"<p>Os oceanos cobrem aproximadamente 71% da superf\u00edcie terrestre, o que equivale a 361 milh\u00f5es de quil\u00f4metros quadrados, com um volume de cerca de 1,3 bilh\u00f5es&#8230;<\/p>\n","protected":false},"author":1527,"featured_media":42491,"comment_status":"closed","ping_status":"closed","sticky":false,"template":"","format":"standard","meta":{"footnotes":""},"categories":[6],"tags":[],"class_list":["post-42490","post","type-post","status-publish","format-standard","has-post-thumbnail","hentry","category-noticias"],"_links":{"self":[{"href":"https:\/\/www.sincomam.org.br\/index.php\/wp-json\/wp\/v2\/posts\/42490","targetHints":{"allow":["GET"]}}],"collection":[{"href":"https:\/\/www.sincomam.org.br\/index.php\/wp-json\/wp\/v2\/posts"}],"about":[{"href":"https:\/\/www.sincomam.org.br\/index.php\/wp-json\/wp\/v2\/types\/post"}],"author":[{"embeddable":true,"href":"https:\/\/www.sincomam.org.br\/index.php\/wp-json\/wp\/v2\/users\/1527"}],"replies":[{"embeddable":true,"href":"https:\/\/www.sincomam.org.br\/index.php\/wp-json\/wp\/v2\/comments?post=42490"}],"version-history":[{"count":1,"href":"https:\/\/www.sincomam.org.br\/index.php\/wp-json\/wp\/v2\/posts\/42490\/revisions"}],"predecessor-version":[{"id":42492,"href":"https:\/\/www.sincomam.org.br\/index.php\/wp-json\/wp\/v2\/posts\/42490\/revisions\/42492"}],"wp:featuredmedia":[{"embeddable":true,"href":"https:\/\/www.sincomam.org.br\/index.php\/wp-json\/wp\/v2\/media\/42491"}],"wp:attachment":[{"href":"https:\/\/www.sincomam.org.br\/index.php\/wp-json\/wp\/v2\/media?parent=42490"}],"wp:term":[{"taxonomy":"category","embeddable":true,"href":"https:\/\/www.sincomam.org.br\/index.php\/wp-json\/wp\/v2\/categories?post=42490"},{"taxonomy":"post_tag","embeddable":true,"href":"https:\/\/www.sincomam.org.br\/index.php\/wp-json\/wp\/v2\/tags?post=42490"}],"curies":[{"name":"wp","href":"https:\/\/api.w.org\/{rel}","templated":true}]}}