{"id":42487,"date":"2022-11-22T09:18:32","date_gmt":"2022-11-22T12:18:32","guid":{"rendered":"http:\/\/www.sincomam.org.br\/?p=42487"},"modified":"2022-11-22T09:44:45","modified_gmt":"2022-11-22T12:44:45","slug":"porto-de-itajai-lidera-nova-reuniao-para-a-proxima-temporada-de-cruzeiros-2022-2023","status":"publish","type":"post","link":"https:\/\/www.sincomam.org.br\/index.php\/porto-de-itajai-lidera-nova-reuniao-para-a-proxima-temporada-de-cruzeiros-2022-2023\/","title":{"rendered":"PORTO DE ITAJA\u00cd LIDERA NOVA REUNI\u00c3O PARA A PR\u00d3XIMA TEMPORADA DE CRUZEIROS 2022\/2023"},"content":{"rendered":"<p>Na tarde desta quinta-feira (17), estiveram na sede da Superintend\u00eancia do Porto de Itaja\u00ed, membros que integram a Diretoria da CLIA BRASIL, Secretaria Municipal de Turismo e Eventos, representantes da MSC Cruzeiros, Costa Cruzeiros, Receita Federal do Brasil e Policia Federal, para tratar dos \u00faltimos detalhes da opera\u00e7\u00e3o da temporada de Cruzeiros 2022\/2023 que se inicia no pr\u00f3ximo dia 10\/12.<\/p>\n<p>Estiveram presentes o Presidente Executivo da CLIA BRASIL,\u00a0<b>Marco Ferraz,\u00a0<\/b>o<b>\u00a0<\/b>Diretor de Administra\u00e7\u00e3o e Finan\u00e7as do Porto de Itaja\u00ed,\u00a0<b>Ronaldo Camargo Souza<\/b>, a<b>\u00a0<\/b>Diretora de Opera\u00e7\u00f5es da MSC Cruzeiros,\u00a0<b>M\u00e1rcia Leite,\u00a0<\/b>o Presidente Institucional da Costa Cruzeiros,\u00a0<b>Rene Hermann<\/b>, o Secret\u00e1rio de Turismo e Eventos de Itaja\u00ed,\u00a0<b>Evandro Neiva<\/b>, o Gerente Executivo da CLIA do Brasil,\u00a0<b>Joao Tomaz<\/b>, o Gerente de Opera\u00e7\u00f5es MSC Shipping,\u00a0<b>Fabiano Gama<\/b>, o Agente Mar\u00edtimo Costa Cruzeiros\/ISS,\u00a0<b>Cleverton Bunn<\/b>, o Cordenador de Opera\u00e7\u00f5es MSC Shipping,\u00a0<b>Jo\u00e3o Pauli<\/b>, o Analista MSC Cruzeiro,\u00a0<b>Alex Guariglia<\/b>, o chefe do N\u00facleo Especial da Pol\u00edcia Mar\u00edtima (Nepom) da Pol\u00edcia Federal\u00a0<b>Jorge Maur\u00edcio Froeder,\u00a0<\/b>e o<b>\u00a0<\/b>Auditor-Fiscal da\u00a0<em><b>Receita Federal<\/b><\/em>\u00a0do Brasil,\u00a0<b>Juliano da Silva<\/b>.<\/p>\n<p>Segundo o Secret\u00e1rio de Turismo e Eventos de Itaja\u00ed,\u00a0<b>Evandro Neiva<\/b>, todas as demandas previstas para o Centreventos est\u00e3o dentro do prazo de entrega. O Diretor-Geral de Administra\u00e7\u00e3o e Finan\u00e7as,\u00a0<b>Ronaldo Camargo<\/b>, apresentou as resolu\u00e7\u00f5es a serem aplicadas para a temporada de Cruzeiros, bem como, ratificou todos os procedimentos a serem adotados.<\/p>\n<p>A reuni\u00e3o tratou ainda, do novo procedimento a ser implantado por meio da Receita Federal do Brasil, atrav\u00e9s da\u00a0<b><i>Portaria COANA n. 102 de 16 de novembro de 2022<\/i><\/b>, no qual, disp\u00f5e sobre o projeto-piloto para controle aduaneiro e o tratamento tribut\u00e1rio, aplic\u00e1veis aos bens de passageiros e tripulantes procedentes do exterior, por via mar\u00edtima com atraca\u00e7\u00e3o e desatraca\u00e7\u00e3o no Porto de Itaja\u00ed para confer\u00eancia aduaneira no interior da embarca\u00e7\u00e3o na jurisdi\u00e7\u00e3o da Alfandega da Receita Federal no Porto de Itaja\u00ed.<\/p>\n<p>A temporada de cruzeiros contar\u00e1 com a in\u00e9dita utiliza\u00e7\u00e3o de scanner no embarque de passageiros nos navios, assim como, no desembarque que acontecer\u00e1 no Centreventos.<\/p>\n<p>Os passageiros dever\u00e3o apresentar o teste da vacina contra a covid-19, como exig\u00eancia para cruzeiros com dura\u00e7\u00e3o superior a mais de seis noites. Com previs\u00e3o para dezembro deste ano, entre os dias\u00a0<strong>10\/12\/2022 at\u00e9 26\/02\/2023<\/strong>, as devidas escalas foram estabelecidas e organizadas entre a Superintend\u00eancia do Porto de Itaja\u00ed (Autoridade Portu\u00e1ria), e Secretaria Municipal de Turismo e Eventos de Itaja\u00ed.<\/p>\n<p>Fonte: Informativo dos Portos<\/p>\n","protected":false},"excerpt":{"rendered":"<p>Na tarde desta quinta-feira (17), estiveram na sede da Superintend\u00eancia do Porto de Itaja\u00ed, membros que integram a Diretoria da CLIA BRASIL, Secretaria Municipal de&#8230;<\/p>\n","protected":false},"author":1527,"featured_media":6990,"comment_status":"closed","ping_status":"closed","sticky":false,"template":"","format":"standard","meta":{"footnotes":""},"categories":[6],"tags":[],"class_list":["post-42487","post","type-post","status-publish","format-standard","has-post-thumbnail","hentry","category-noticias"],"_links":{"self":[{"href":"https:\/\/www.sincomam.org.br\/index.php\/wp-json\/wp\/v2\/posts\/42487","targetHints":{"allow":["GET"]}}],"collection":[{"href":"https:\/\/www.sincomam.org.br\/index.php\/wp-json\/wp\/v2\/posts"}],"about":[{"href":"https:\/\/www.sincomam.org.br\/index.php\/wp-json\/wp\/v2\/types\/post"}],"author":[{"embeddable":true,"href":"https:\/\/www.sincomam.org.br\/index.php\/wp-json\/wp\/v2\/users\/1527"}],"replies":[{"embeddable":true,"href":"https:\/\/www.sincomam.org.br\/index.php\/wp-json\/wp\/v2\/comments?post=42487"}],"version-history":[{"count":1,"href":"https:\/\/www.sincomam.org.br\/index.php\/wp-json\/wp\/v2\/posts\/42487\/revisions"}],"predecessor-version":[{"id":42489,"href":"https:\/\/www.sincomam.org.br\/index.php\/wp-json\/wp\/v2\/posts\/42487\/revisions\/42489"}],"wp:featuredmedia":[{"embeddable":true,"href":"https:\/\/www.sincomam.org.br\/index.php\/wp-json\/wp\/v2\/media\/6990"}],"wp:attachment":[{"href":"https:\/\/www.sincomam.org.br\/index.php\/wp-json\/wp\/v2\/media?parent=42487"}],"wp:term":[{"taxonomy":"category","embeddable":true,"href":"https:\/\/www.sincomam.org.br\/index.php\/wp-json\/wp\/v2\/categories?post=42487"},{"taxonomy":"post_tag","embeddable":true,"href":"https:\/\/www.sincomam.org.br\/index.php\/wp-json\/wp\/v2\/tags?post=42487"}],"curies":[{"name":"wp","href":"https:\/\/api.w.org\/{rel}","templated":true}]}}