{"id":42456,"date":"2022-11-18T12:08:21","date_gmt":"2022-11-18T15:08:21","guid":{"rendered":"http:\/\/www.sincomam.org.br\/?p=42456"},"modified":"2022-11-18T12:08:21","modified_gmt":"2022-11-18T15:08:21","slug":"ccr-barcas-anuncia-fim-das-atividades-em-fevereiro","status":"publish","type":"post","link":"https:\/\/www.sincomam.org.br\/index.php\/ccr-barcas-anuncia-fim-das-atividades-em-fevereiro\/","title":{"rendered":"CCR Barcas anuncia fim das atividades em fevereiro"},"content":{"rendered":"<p>A concession\u00e1ria CCR Barcas, que administra o transporte aquavi\u00e1rio do RJ, anunciou nesta sexta-feira (11\/11) que encerrar\u00e1 em fevereiro as suas atividades. A empresa afirma que tinha que receber R$ 1 bilh\u00e3o do governo do estado para que o servi\u00e7o fosse mantido, mas as negocia\u00e7\u00f5es n\u00e3o avan\u00e7aram.<\/p>\n<p><strong>Veja a \u00edntegra da nota<\/strong><\/p>\n<div>\n<p><em>Ap\u00f3s seguidas manifesta\u00e7\u00f5es e tentativas de se chegar a um Acordo com o Governo do Estado do Rio de Janeiro, a fim de contribuir com os interesses dos clientes e, ao mesmo tempo, obedecer \u00e0s regras e prazos contratuais, a\u00a0CCR\u00a0Barcas\u00a0lamenta informar que as negocia\u00e7\u00f5es n\u00e3o chegaram a bom termo.<\/em><\/p>\n<p><em>Assim sendo, com tr\u00eas meses de anteced\u00eancia do prazo final do Contrato de Concess\u00e3o, a companhia d\u00e1 in\u00edcio \u00e0 ado\u00e7\u00e3o de procedimentos para encerramento de suas atividades, o que ir\u00e1 ocorrer em 12\/02\/2023. Essa medida j\u00e1 foi comunicada \u00e0s autoridades, em tempo h\u00e1bil para que o Estado tome as provid\u00eancias necess\u00e1rias para assegurar a continuidade da presta\u00e7\u00e3o dos servi\u00e7os de transporte aquavi\u00e1rio.<\/em><\/p>\n<p>Ao jornalista Edim\u00edlson \u00c1vila, o Governo do Estado disse que \u201cn\u00e3o considera qualquer perspectiva de interrup\u00e7\u00e3o da presta\u00e7\u00e3o do servi\u00e7o \u00e0 popula\u00e7\u00e3o\u201d.<\/p>\n<p>\u201c<em>As negocia\u00e7\u00f5es seguem em andamento e o Governo do Estado trabalha para encontrar uma solu\u00e7\u00e3o em conjunto com a concession\u00e1ria. A Secretaria de Estado de Transportes informa ainda que os tr\u00e2mites para elabora\u00e7\u00e3o da nova modelagem do sistema aquavi\u00e1rio junto \u00e0 UFRJ est\u00e3o dentro do prazo\u201d<\/em>, disse o governo.<\/p>\n<div class=\"td-a-rec td-a-rec-id-content_bottom  tdi_80 td_block_template_1\">\n<div id=\"vr-20h3igp7s2o-viralize-wide-wrapper\" class=\"vr-20h3igp7s2o-reset vr-20h3igp7s2o-brand-showheroes\">\n<div id=\"vr-20h3igp7s2o-wrapper\" class=\"vr-20h3igp7s2o-aspect-ratio-landscape\">Fonte: Di\u00e1rio do Rio<\/div>\n<\/div>\n<\/div>\n<\/div>\n","protected":false},"excerpt":{"rendered":"<p>A concession\u00e1ria CCR Barcas, que administra o transporte aquavi\u00e1rio do RJ, anunciou nesta sexta-feira (11\/11) que encerrar\u00e1 em fevereiro as suas atividades. A empresa afirma&#8230;<\/p>\n","protected":false},"author":1527,"featured_media":42457,"comment_status":"closed","ping_status":"closed","sticky":false,"template":"","format":"standard","meta":{"footnotes":""},"categories":[6],"tags":[],"class_list":["post-42456","post","type-post","status-publish","format-standard","has-post-thumbnail","hentry","category-noticias"],"_links":{"self":[{"href":"https:\/\/www.sincomam.org.br\/index.php\/wp-json\/wp\/v2\/posts\/42456","targetHints":{"allow":["GET"]}}],"collection":[{"href":"https:\/\/www.sincomam.org.br\/index.php\/wp-json\/wp\/v2\/posts"}],"about":[{"href":"https:\/\/www.sincomam.org.br\/index.php\/wp-json\/wp\/v2\/types\/post"}],"author":[{"embeddable":true,"href":"https:\/\/www.sincomam.org.br\/index.php\/wp-json\/wp\/v2\/users\/1527"}],"replies":[{"embeddable":true,"href":"https:\/\/www.sincomam.org.br\/index.php\/wp-json\/wp\/v2\/comments?post=42456"}],"version-history":[{"count":1,"href":"https:\/\/www.sincomam.org.br\/index.php\/wp-json\/wp\/v2\/posts\/42456\/revisions"}],"predecessor-version":[{"id":42458,"href":"https:\/\/www.sincomam.org.br\/index.php\/wp-json\/wp\/v2\/posts\/42456\/revisions\/42458"}],"wp:featuredmedia":[{"embeddable":true,"href":"https:\/\/www.sincomam.org.br\/index.php\/wp-json\/wp\/v2\/media\/42457"}],"wp:attachment":[{"href":"https:\/\/www.sincomam.org.br\/index.php\/wp-json\/wp\/v2\/media?parent=42456"}],"wp:term":[{"taxonomy":"category","embeddable":true,"href":"https:\/\/www.sincomam.org.br\/index.php\/wp-json\/wp\/v2\/categories?post=42456"},{"taxonomy":"post_tag","embeddable":true,"href":"https:\/\/www.sincomam.org.br\/index.php\/wp-json\/wp\/v2\/tags?post=42456"}],"curies":[{"name":"wp","href":"https:\/\/api.w.org\/{rel}","templated":true}]}}