{"id":42423,"date":"2022-11-17T10:22:49","date_gmt":"2022-11-17T13:22:49","guid":{"rendered":"http:\/\/www.sincomam.org.br\/?p=42423"},"modified":"2022-11-17T10:22:49","modified_gmt":"2022-11-17T13:22:49","slug":"grupo-e-formado-para-fomentar-o-desenvolvimento-do-porto-de-imbituba","status":"publish","type":"post","link":"https:\/\/www.sincomam.org.br\/index.php\/grupo-e-formado-para-fomentar-o-desenvolvimento-do-porto-de-imbituba\/","title":{"rendered":"Grupo \u00e9 formado para fomentar o desenvolvimento do Porto de Imbituba"},"content":{"rendered":"<p>Um grupo de trabalho composto por diferentes atores do processo de transporte mar\u00edtimo foi formado a partir de reuni\u00e3o promovida pela Associa\u00e7\u00e3o Empresarial de Crici\u00fama (Acic) na segunda-feira (14) com o prop\u00f3sito de contribuir para o desenvolvimento do Porto de Imbituba.<\/p>\n<p>Far\u00e3o parte do grupo associa\u00e7\u00f5es empresariais da regi\u00e3o, lideradas pela Acic, representantes do porto, da Ferrovia Tereza Cristina, de diferentes segmentos econ\u00f4micos, de tradings, do Terminal Intermodal Sul (TIS), do Programa de Qualifica\u00e7\u00e3o para Exporta\u00e7\u00e3o (Peiex) \u2013 N\u00facleo Operacional de Crici\u00fama e do armador que opera em Imbituba.<\/p>\n<p>\u201cFaremos um trabalho conjunto, porque o objetivo \u00e9 o mesmo, incrementar os neg\u00f3cios com viabilidade. Esse grupo de trabalho ter\u00e1 a participa\u00e7\u00e3o ativa da Acic. Faremos uma discuss\u00e3o transparente, no sentido de buscar alternativas para as dificuldades apresentadas\u201d, ressalta o presidente da Associa\u00e7\u00e3o Empresarial de Crici\u00fama, Valcir Jos\u00e9 Zanette.<\/p>\n<p>Zanette considera de suma import\u00e2ncia a reuni\u00e3o realizada nesta tarde, que contou com a presen\u00e7a de aproximadamente 50 pessoas. \u201cEssa representatividade nos entusiasma. A principal fun\u00e7\u00e3o da Acic \u00e9 motivar para que a\u00e7\u00f5es aconte\u00e7am e, com esse envolvimento, vamos fazer acontecer\u201d, entende.<\/p>\n<p>Dentre as demandas locais apresentadas por representantes de diferentes segmentos, especialmente o de arroz e o cer\u00e2mico, est\u00e3o os desafios de escoamento por Imbituba, relativos \u00e0 quantidade e disponibilidade de cont\u00eaineres e linhas de longo curso.<\/p>\n<p>Junto ao desenvolvimento do porto, tamb\u00e9m foi discutida a diversifica\u00e7\u00e3o de cargas transportadas pela Ferrovia Tereza Cristina. \u201cA Ferrovia faz parte da cadeia de suprimento do carv\u00e3o mineral, mas est\u00e1 se posicionando para desenvolver outros neg\u00f3cios. Dependemos de escalas para operar e ter os resultados esperados\u201d, salienta Benony Schmitz Filho, diretor presidente da FTC.<\/p>\n<p>Fonte: Portos e Navios<\/p>\n","protected":false},"excerpt":{"rendered":"<p>Um grupo de trabalho composto por diferentes atores do processo de transporte mar\u00edtimo foi formado a partir de reuni\u00e3o promovida pela Associa\u00e7\u00e3o Empresarial de Crici\u00fama&#8230;<\/p>\n","protected":false},"author":1527,"featured_media":42424,"comment_status":"closed","ping_status":"closed","sticky":false,"template":"","format":"standard","meta":{"footnotes":""},"categories":[6],"tags":[],"class_list":["post-42423","post","type-post","status-publish","format-standard","has-post-thumbnail","hentry","category-noticias"],"_links":{"self":[{"href":"https:\/\/www.sincomam.org.br\/index.php\/wp-json\/wp\/v2\/posts\/42423","targetHints":{"allow":["GET"]}}],"collection":[{"href":"https:\/\/www.sincomam.org.br\/index.php\/wp-json\/wp\/v2\/posts"}],"about":[{"href":"https:\/\/www.sincomam.org.br\/index.php\/wp-json\/wp\/v2\/types\/post"}],"author":[{"embeddable":true,"href":"https:\/\/www.sincomam.org.br\/index.php\/wp-json\/wp\/v2\/users\/1527"}],"replies":[{"embeddable":true,"href":"https:\/\/www.sincomam.org.br\/index.php\/wp-json\/wp\/v2\/comments?post=42423"}],"version-history":[{"count":1,"href":"https:\/\/www.sincomam.org.br\/index.php\/wp-json\/wp\/v2\/posts\/42423\/revisions"}],"predecessor-version":[{"id":42425,"href":"https:\/\/www.sincomam.org.br\/index.php\/wp-json\/wp\/v2\/posts\/42423\/revisions\/42425"}],"wp:featuredmedia":[{"embeddable":true,"href":"https:\/\/www.sincomam.org.br\/index.php\/wp-json\/wp\/v2\/media\/42424"}],"wp:attachment":[{"href":"https:\/\/www.sincomam.org.br\/index.php\/wp-json\/wp\/v2\/media?parent=42423"}],"wp:term":[{"taxonomy":"category","embeddable":true,"href":"https:\/\/www.sincomam.org.br\/index.php\/wp-json\/wp\/v2\/categories?post=42423"},{"taxonomy":"post_tag","embeddable":true,"href":"https:\/\/www.sincomam.org.br\/index.php\/wp-json\/wp\/v2\/tags?post=42423"}],"curies":[{"name":"wp","href":"https:\/\/api.w.org\/{rel}","templated":true}]}}