{"id":42412,"date":"2022-11-16T13:46:20","date_gmt":"2022-11-16T16:46:20","guid":{"rendered":"http:\/\/www.sincomam.org.br\/?p=42412"},"modified":"2022-11-16T13:46:20","modified_gmt":"2022-11-16T16:46:20","slug":"casos-de-covid-19-no-rio-de-janeiro-aumentam-430-em-uma-semana","status":"publish","type":"post","link":"https:\/\/www.sincomam.org.br\/index.php\/casos-de-covid-19-no-rio-de-janeiro-aumentam-430-em-uma-semana\/","title":{"rendered":"Casos de covid-19 no Rio de Janeiro aumentam 430% em uma semana"},"content":{"rendered":"<p>Entre a primeira e a segunda semanas de novembro, o estado do Rio de Janeiro apresentou aumento expressivo nos casos confirmados de covid-19, passando de 4.368 na semana epidemiol\u00f3gica 44 (de 30 de outubro a 5 de novembro) para 18.799 na semana 45 (entre 6 e 12 de novembro). Isso representa um aumento de 430%.<img decoding=\"async\" src=\"https:\/\/agenciabrasil.ebc.com.br\/ebc.png?id=1493811&amp;o=node\" \/><img decoding=\"async\" src=\"https:\/\/agenciabrasil.ebc.com.br\/ebc.gif?id=1493811&amp;o=node\" \/><\/p>\n<p>As informa\u00e7\u00f5es foram confirmadas hoje (16) pela Secretaria de Estado de Sa\u00fade (SES). Segundo o \u00f3rg\u00e3o, a taxa de positividade dos testes diagn\u00f3sticos tamb\u00e9m subiu no mesmo per\u00edodo, com os de ant\u00edgeno passando de 25% para 32% e os exames de RT-PCR subindo de 18% para 30%.<\/p>\n<p>Os atendimentos de casos de s\u00edndrome gripal nas Unidades de Pronto Atendimento (UPAs) passaram de 573 para 693. O aumento foi de 21%. J\u00e1 as solicita\u00e7\u00f5es de leitos para tratamento da covid-19 passaram de 28 UTIs e 23 enfermarias para 37 UTIs e 46 enfermarias da semana 44 para a 45. A m\u00e9dia de atendimentos saltou de sete para 12 por dia.<\/p>\n<p>Segundo a SES, a m\u00e9dia de solicita\u00e7\u00f5es ainda est\u00e1 bem abaixo do verificado nos momentos mais graves da pandemia no estado.<\/p>\n<p>\u201cNa \u00faltima onda causada pela variante \u00d4micron em janeiro e fevereiro deste ano, a m\u00e9dia di\u00e1ria de solicita\u00e7\u00f5es de leitos chegou a 177, incluindo enfermaria e UTI. E no pico da onda causada pela variante Gama, em mar\u00e7o de 2021, essa m\u00e9dia di\u00e1ria chegou a 422 solicita\u00e7\u00f5es\u201d, informou a SES.<\/p>\n<p>Segundo os dados do MonitoraCovid-19 da Funda\u00e7\u00e3o Oswaldo Cruz (Fioruz), a m\u00e9dia m\u00f3vel de sete dias para o registro de casos no estado do Rio de Janeiro saltou de 650 no dia 7 de novembro para 2.658 no dia 11. Os \u00f3bitos n\u00e3o acompanham a alta, com uma m\u00e9dia m\u00f3vel abaixo de quatro mortes por dia desde o dia primeiro de novembro.<\/p>\n<h2>Vacina\u00e7\u00e3o<\/h2>\n<p>A SES refor\u00e7a a import\u00e2ncia da aplica\u00e7\u00e3o das doses de refor\u00e7o da vacina contra a covid-19 para evitar agravamentos e interna\u00e7\u00f5es pela doen\u00e7a. \u201cPessoas com 18 anos ou mais j\u00e1 podem tomar a segunda dose de refor\u00e7o, conforme orienta\u00e7\u00e3o do Minist\u00e9rios da Sa\u00fade. Os adolescentes de 12 a 17 anos devem receber a primeira dose de refor\u00e7o contra a doen\u00e7a\u201d.<\/p>\n<p>De acordo com o painel Coronav\u00edrus da SES, entre os adolescentes do estado a cobertura est\u00e1 em 90% para a primeira dose, 74% a segunda dose e apenas 22% receberam o refor\u00e7o. A cobertura vacinal contra a covid-19 aumenta conforme a idade. A exce\u00e7\u00e3o \u00e9 a faixa entre 30 e 39 anos, que est\u00e1 com 77% de cobertura no esquema b\u00e1sico.<\/p>\n<p>Se entre os jovens de 18 a 29 anos, 78% tomaram duas doses e o refor\u00e7o cai para 36% o primeiro e chega a penas 7% o segundo, entre os idosos de 70 a 79 anos 94% completaram o esquema b\u00e1sico, 81% tomaram o primeiro refor\u00e7o e 53% o segundo.<\/p>\n<p>Crian\u00e7as de 3 a 11 anos devem receber as duas doses do esquema inicial, sem indica\u00e7\u00e3o de doses de refor\u00e7o por enquanto. O painel indica que apenas 63% das crian\u00e7as de 5 a 11 anos do estado receberam a primeira dose da vacina e 43% completaram o esquema b\u00e1sico.<\/p>\n<p>A\u00a0vacina\u00e7\u00e3o dos beb\u00eas de 6 meses a 2 anos com comorbidade\u00a0come\u00e7a amanh\u00e3, com a chegada da vacina Pfizer pedi\u00e1trica\u00a0<em>\u201cbaby\u201d<\/em>.<\/p>\n<p>As orienta\u00e7\u00f5es enviadas pela SES aos 92 munic\u00edpios incluem a testagem de casos de s\u00edndrome gripal, distanciamento f\u00edsico, etiqueta respirat\u00f3ria, higieniza\u00e7\u00e3o das m\u00e3os, uso de m\u00e1scaras, limpeza e desinfec\u00e7\u00e3o de ambientes e isolamento de casos suspeitos e confirmados.<\/p>\n<p>Fonte: Ag\u00eancia Brasil<\/p>\n","protected":false},"excerpt":{"rendered":"<p>Entre a primeira e a segunda semanas de novembro, o estado do Rio de Janeiro apresentou aumento expressivo nos casos confirmados de covid-19, passando de&#8230;<\/p>\n","protected":false},"author":1527,"featured_media":42413,"comment_status":"closed","ping_status":"closed","sticky":false,"template":"","format":"standard","meta":{"footnotes":""},"categories":[6],"tags":[],"class_list":["post-42412","post","type-post","status-publish","format-standard","has-post-thumbnail","hentry","category-noticias"],"_links":{"self":[{"href":"https:\/\/www.sincomam.org.br\/index.php\/wp-json\/wp\/v2\/posts\/42412","targetHints":{"allow":["GET"]}}],"collection":[{"href":"https:\/\/www.sincomam.org.br\/index.php\/wp-json\/wp\/v2\/posts"}],"about":[{"href":"https:\/\/www.sincomam.org.br\/index.php\/wp-json\/wp\/v2\/types\/post"}],"author":[{"embeddable":true,"href":"https:\/\/www.sincomam.org.br\/index.php\/wp-json\/wp\/v2\/users\/1527"}],"replies":[{"embeddable":true,"href":"https:\/\/www.sincomam.org.br\/index.php\/wp-json\/wp\/v2\/comments?post=42412"}],"version-history":[{"count":1,"href":"https:\/\/www.sincomam.org.br\/index.php\/wp-json\/wp\/v2\/posts\/42412\/revisions"}],"predecessor-version":[{"id":42414,"href":"https:\/\/www.sincomam.org.br\/index.php\/wp-json\/wp\/v2\/posts\/42412\/revisions\/42414"}],"wp:featuredmedia":[{"embeddable":true,"href":"https:\/\/www.sincomam.org.br\/index.php\/wp-json\/wp\/v2\/media\/42413"}],"wp:attachment":[{"href":"https:\/\/www.sincomam.org.br\/index.php\/wp-json\/wp\/v2\/media?parent=42412"}],"wp:term":[{"taxonomy":"category","embeddable":true,"href":"https:\/\/www.sincomam.org.br\/index.php\/wp-json\/wp\/v2\/categories?post=42412"},{"taxonomy":"post_tag","embeddable":true,"href":"https:\/\/www.sincomam.org.br\/index.php\/wp-json\/wp\/v2\/tags?post=42412"}],"curies":[{"name":"wp","href":"https:\/\/api.w.org\/{rel}","templated":true}]}}