{"id":42408,"date":"2022-11-16T10:06:37","date_gmt":"2022-11-16T13:06:37","guid":{"rendered":"http:\/\/www.sincomam.org.br\/?p=42408"},"modified":"2022-11-16T10:06:37","modified_gmt":"2022-11-16T13:06:37","slug":"marinha-realiza-cerimonia-alusiva-ao-dia-do-amigo-da-marinha-no-rio-de-janeiro","status":"publish","type":"post","link":"https:\/\/www.sincomam.org.br\/index.php\/marinha-realiza-cerimonia-alusiva-ao-dia-do-amigo-da-marinha-no-rio-de-janeiro\/","title":{"rendered":"Marinha realiza Cerim\u00f4nia Alusiva ao Dia do Amigo da Marinha no Rio de Janeiro"},"content":{"rendered":"<p>Em 09 de novembro, foi realizada a cerim\u00f4nia de imposi\u00e7\u00e3o da Medalha \u201cAmigo da Marinha\u201d na \u00e1rea do Rio de Janeiro. Presidida pelo Comandante de Opera\u00e7\u00f5es Navais e realizada na hist\u00f3rica Fortaleza de S\u00e3o Jos\u00e9, estiveram presentes 120 agraciados que receberam suas medalhas por contribu\u00edrem para a divulga\u00e7\u00e3o, junto \u00e0 sociedade, dos valores e tradi\u00e7\u00f5es da Marinha do Brasil e da import\u00e2ncia da mentalidade mar\u00edtima.<\/p>\n<p>A Ordem do Dia alusiva \u00e0 data refor\u00e7ou a import\u00e2ncia da Sociedade Amigos da Marinha (Soamar) e reverenciou esp\u00edrito e vis\u00e3o do patrono de sua cria\u00e7\u00e3o, o Almirante de Esquadra Maximiano Eduardo da Silva Fonseca.<\/p>\n<div class=\"td-a-rec td-a-rec-id-content_inline td_uid_2_63740357a0301_rand td_block_template_11\">\n<p>O Presidente da Soamar-Rio aproveitou sua alocu\u00e7\u00e3o para consolidar o compromisso dos agraciados com a expans\u00e3o do conceito da \u201cAmaz\u00f4nia Azul\u201d, imenso patrim\u00f4nio brasileiro que demanda inegoci\u00e1vel necessidade de prote\u00e7\u00e3o, al\u00e9m de citar a comemora\u00e7\u00e3o do Bicenten\u00e1rio da Independ\u00eancia do Pa\u00eds.<\/p>\n<\/div>\n<p>Os convidados tamb\u00e9m puderam apreciar a apresenta\u00e7\u00e3o da Banda Marcial do Corpo de Fuzileiros Navais executando dobrados e can\u00e7\u00f5es navais, ao mesmo que realizava evolu\u00e7\u00f5es no P\u00e1tio da Fortaleza.<\/p>\n<p class=\" aBigClassNameToAvoidCollisionInText aBigClassNameToAvoidCollisionInText\">Encerrando a cerim\u00f4nia e refor\u00e7ando o compromisso em difundir e ampliar a imagem da MB, os agraciados participaram do Cerimonial \u00e0 Bandeira narrado, em que foram explicadas todas as a\u00e7\u00f5es para o arriamento do Pavilh\u00e3o. Na sequ\u00eancia, a Bandeira foi arriada, durante o Hino Nacional Brasileiro, e dobrada, ao final, ao som do Hino \u00e0 Bandeira, cantado pela soprano Primeiro-Sargento (FN) Patr\u00edcia Mon\u00e7\u00e3o, da Banda Marcial do Corpo de Fuzileiros Navais.<\/p>\n<p>Fonte: Defesa em Foco<\/p>\n","protected":false},"excerpt":{"rendered":"<p>Em 09 de novembro, foi realizada a cerim\u00f4nia de imposi\u00e7\u00e3o da Medalha \u201cAmigo da Marinha\u201d na \u00e1rea do Rio de Janeiro. Presidida pelo Comandante de&#8230;<\/p>\n","protected":false},"author":1527,"featured_media":42409,"comment_status":"closed","ping_status":"closed","sticky":false,"template":"","format":"standard","meta":{"footnotes":""},"categories":[6],"tags":[],"class_list":["post-42408","post","type-post","status-publish","format-standard","has-post-thumbnail","hentry","category-noticias"],"_links":{"self":[{"href":"https:\/\/www.sincomam.org.br\/index.php\/wp-json\/wp\/v2\/posts\/42408","targetHints":{"allow":["GET"]}}],"collection":[{"href":"https:\/\/www.sincomam.org.br\/index.php\/wp-json\/wp\/v2\/posts"}],"about":[{"href":"https:\/\/www.sincomam.org.br\/index.php\/wp-json\/wp\/v2\/types\/post"}],"author":[{"embeddable":true,"href":"https:\/\/www.sincomam.org.br\/index.php\/wp-json\/wp\/v2\/users\/1527"}],"replies":[{"embeddable":true,"href":"https:\/\/www.sincomam.org.br\/index.php\/wp-json\/wp\/v2\/comments?post=42408"}],"version-history":[{"count":1,"href":"https:\/\/www.sincomam.org.br\/index.php\/wp-json\/wp\/v2\/posts\/42408\/revisions"}],"predecessor-version":[{"id":42410,"href":"https:\/\/www.sincomam.org.br\/index.php\/wp-json\/wp\/v2\/posts\/42408\/revisions\/42410"}],"wp:featuredmedia":[{"embeddable":true,"href":"https:\/\/www.sincomam.org.br\/index.php\/wp-json\/wp\/v2\/media\/42409"}],"wp:attachment":[{"href":"https:\/\/www.sincomam.org.br\/index.php\/wp-json\/wp\/v2\/media?parent=42408"}],"wp:term":[{"taxonomy":"category","embeddable":true,"href":"https:\/\/www.sincomam.org.br\/index.php\/wp-json\/wp\/v2\/categories?post=42408"},{"taxonomy":"post_tag","embeddable":true,"href":"https:\/\/www.sincomam.org.br\/index.php\/wp-json\/wp\/v2\/tags?post=42408"}],"curies":[{"name":"wp","href":"https:\/\/api.w.org\/{rel}","templated":true}]}}