{"id":42404,"date":"2022-11-16T10:04:55","date_gmt":"2022-11-16T13:04:55","guid":{"rendered":"http:\/\/www.sincomam.org.br\/?p=42404"},"modified":"2022-11-16T10:07:07","modified_gmt":"2022-11-16T13:07:07","slug":"navio-que-bateu-na-ponte-rio-niteroi-teve-trabalhadores-em-condicoes-analogas-a-escravidao-resgatados","status":"publish","type":"post","link":"https:\/\/www.sincomam.org.br\/index.php\/navio-que-bateu-na-ponte-rio-niteroi-teve-trabalhadores-em-condicoes-analogas-a-escravidao-resgatados\/","title":{"rendered":"Navio que bateu na Ponte Rio-Niter\u00f3i teve trabalhadores em condi\u00e7\u00f5es an\u00e1logas \u00e0 escravid\u00e3o resgatados"},"content":{"rendered":"<div id=\"chunk-44gsq\">\n<div class=\"mc-column content-text active-extra-styles \" data-block-type=\"unstyled\" data-block-weight=\"30\" data-block-id=\"3\">\n<p class=\"content-text__container \" data-track-category=\"Link no Texto\" data-track-links=\"\">Dois trabalhadores foram\u00a0<span class=\"highlight highlighted\">resgatados de condi\u00e7\u00f5es an\u00e1logas \u00e0 escravid\u00e3o<\/span>\u00a0do navio S\u00e3o Luiz,\u00a0embarca\u00e7\u00e3o que bateu em um pilar de sustenta\u00e7\u00e3o na Ponte Rio-Niter\u00f3i na noite de segunda-feira (14). O resgate aconteceu em novembro de 2021 e foi realizado por auditores fiscais da Superintend\u00eancia Regional do Trabalho do Rio de Janeiro (SRT\/RJ).<\/p>\n<\/div>\n<\/div>\n<div class=\"wall protected-content\">\n<div id=\"chunk-8cqt9\">\n<div class=\"mc-column content-text active-extra-styles \" data-block-type=\"unstyled\" data-block-weight=\"24\" data-block-id=\"5\">\n<p class=\"content-text__container \" data-track-category=\"Link no Texto\" data-track-links=\"\">Segundo o documento da superintend\u00eancia, os trabalhadores estavam na embarca\u00e7\u00e3o da Navega\u00e7\u00e3o Mansur S\/A em\u00a0<span class=\"highlight highlighted\">condi\u00e7\u00f5es degradantes<\/span>.<\/p>\n<\/div>\n<\/div>\n<div id=\"chunk-246nb\">\n<div class=\"mc-column content-text active-extra-styles \" data-block-type=\"unstyled\" data-block-weight=\"51\" data-block-id=\"6\">\n<p class=\"content-text__container \" data-track-category=\"Link no Texto\" data-track-links=\"\">O primeiro obst\u00e1culo foi que a escada da embarca\u00e7\u00e3o estava sendo acionada manualmente pela falta de geradores de energia, causando \u201cgrande risco real de queda no embarque e desembarque do navio, colocando em risco a seguran\u00e7a e integridade f\u00edsica dos trabalhadores e da equipe de AFT e Agentes da PF.\u201d<\/p>\n<div id=\"chunk-18dn0\">\n<div class=\"mc-column content-text active-extra-styles \" data-block-type=\"unstyled\" data-block-weight=\"21\" data-block-id=\"9\">\n<p class=\"content-text__container \" data-track-category=\"Link no Texto\" data-track-links=\"\">Os dois trabalhadores trabalhavam embarcados em uma escala de 15 dias embarcados e sete dias fora, das 8h \u00e0s 0h.<\/p>\n<\/div>\n<\/div>\n<div id=\"chunk-16vf4\">\n<div class=\"mc-column content-text active-extra-styles \" data-block-type=\"unstyled\" data-block-weight=\"54\" data-block-id=\"10\">\n<p class=\"content-text__container \" data-track-category=\"Link no Texto\" data-track-links=\"\">Os dois trabalhadores relataram que\u00a0<span class=\"highlight highlighted\">nunca tiveram a carteira de trabalho assinada<\/span>. Os agentes tamb\u00e9m afirmam que, segundo o depoimento dos trabalhadores, n\u00e3o havia \u201ctampouco contrato assinado; que recebia R$ 1.000,00 por m\u00eas entre o 5\u00ba e 10\u00ba dia; que nunca recebeu 13\u00ba sal\u00e1rio e nem f\u00e9rias\u201d.<\/p>\n<div class=\"mc-column content-text active-extra-styles\" data-block-type=\"raw\" data-block-weight=\"1\" data-block-id=\"13\">\n<div class=\"content-intertitle\">\n<h2>Piratas<\/h2>\n<\/div>\n<p>&nbsp;<\/p>\n<\/div>\n<div id=\"chunk-d3frb\">\n<div class=\"mc-column content-text active-extra-styles \" data-block-type=\"unstyled\" data-block-weight=\"39\" data-block-id=\"14\">\n<p class=\"content-text__container \" data-track-category=\"Link no Texto\" data-track-links=\"\">Al\u00e9m das\u00a0<span class=\"highlight highlighted\">p\u00e9ssimas condi\u00e7\u00f5es de higiene e da jornada exaustiva<\/span>, os trabalhadores ouvidos pela superintend\u00eancia do trabalho do Rio de Janeiro contaram que eram alvos de \u201cpiratas, grupos armados que invadem navios para saques e sequestro de tripula\u00e7\u00e3o\u201d.<\/p>\n<\/div>\n<\/div>\n<div id=\"chunk-598ce\">\n<div class=\"mc-column content-text active-extra-styles \" data-block-type=\"unstyled\" data-block-weight=\"12\" data-block-id=\"15\">\n<p class=\"content-text__container \" data-track-category=\"Link no Texto\" data-track-links=\"\">Segundo eles, os piratas \u201crondavam a embarca\u00e7\u00e3o durante toda a noite\u201d.<\/p>\n<\/div>\n<\/div>\n<div class=\"mc-column content-text active-extra-styles\" data-block-type=\"raw\" data-block-weight=\"5\" data-block-id=\"16\">\n<div class=\"content-intertitle\">\n<h2>Termo de ajustamento de conduta<\/h2>\n<\/div>\n<p>&nbsp;<\/p>\n<\/div>\n<div id=\"chunk-16ka3\">\n<div class=\"mc-column content-text active-extra-styles \" data-block-type=\"unstyled\" data-block-weight=\"21\" data-block-id=\"17\">\n<p class=\"content-text__container \" data-track-category=\"Link no Texto\" data-track-links=\"\">Em dezembro de 2021, a Navega\u00e7\u00e3o Mansur S\/A\u00a0<span class=\"highlight highlighted\">assinou dois termos de ajustamento de conduta com o Minist\u00e9rio do Trabalho<\/span>.<\/p>\n<\/div>\n<\/div>\n<div id=\"chunk-6dkt6\">\n<div class=\"mc-column content-text active-extra-styles \" data-block-type=\"unstyled\" data-block-weight=\"30\" data-block-id=\"18\">\n<p class=\"content-text__container \" data-track-category=\"Link no Texto\" data-track-links=\"\">Os dois trabalhadores, segundo os termos, deveriam receber uma indeniza\u00e7\u00e3o de\u00a0R$ 81 mil, e a empresa ainda se comprometeu a n\u00e3o manter trabalhadores em condi\u00e7\u00f5es an\u00e1logas \u00e0 escravid\u00e3o.<\/p>\n<\/div>\n<\/div>\n<div id=\"chunk-9nelh\">\n<div class=\"mc-column content-text active-extra-styles \" data-block-type=\"unstyled\" data-block-weight=\"19\" data-block-id=\"19\">\n<p class=\"content-text__container \" data-track-category=\"Link no Texto\" data-track-links=\"\">Os termos foram assinados pela procuradora regional do trabalho, o advogado da Navega\u00e7\u00e3o Mansur\/SA e os pr\u00f3prios trabalhadores resgatados.<\/p>\n<\/div>\n<\/div>\n<div class=\"mc-column content-text active-extra-styles\" data-block-type=\"raw\" data-block-weight=\"2\" data-block-id=\"20\">\n<p>&nbsp;<\/p>\n<p class=\"content-text__container\"><strong>Ponte fechada<\/strong><\/p>\n<\/div>\n<div id=\"chunk-6qhve\">\n<div class=\"mc-column content-text active-extra-styles \" data-block-type=\"unstyled\" data-block-weight=\"19\" data-block-id=\"21\">\n<p class=\"content-text__container \" data-track-category=\"Link no Texto\" data-track-links=\"\">Segundo a Marinha, o navio est\u00e1\u00a0parado desde 2016 e teve uma &#8220;amarra rompida&#8221; &#8220;devido \u00e0s condi\u00e7\u00f5es clim\u00e1ticas extremas&#8221;.<\/p>\n<\/div>\n<\/div>\n<div id=\"chunk-9f8tk\">\n<div class=\"mc-column content-text active-extra-styles \" data-block-type=\"unstyled\" data-block-weight=\"27\" data-block-id=\"22\">\n<p class=\"content-text__container \" data-track-category=\"Link no Texto\" data-track-links=\"\">A Ponte Rio-Niter\u00f3i\u00a0foi fechada, em ambos os sentidos, por volta das 18h25 de segunda. Ap\u00f3s mais de 3 horas de interdi\u00e7\u00e3o, a via foi liberada parcialmente.<\/p>\n<\/div>\n<\/div>\n<div id=\"chunk-3k2n4\">\n<div class=\"mc-column content-text active-extra-styles \" data-block-type=\"unstyled\" data-block-weight=\"31\" data-block-id=\"23\">\n<p class=\"content-text__container \" data-track-category=\"Link no Texto\" data-track-links=\"\">O graneleiro S\u00e3o Luiz, que estava abandonado na Ba\u00eda de Guanabara,\u00a0<span class=\"highlight highlighted\">foi levado pelo vento e se chocou contra a estrutura da ponte<\/span>, perto de Niter\u00f3i. N\u00e3o h\u00e1 informa\u00e7\u00e3o sobre feridos.<\/p>\n<p data-track-category=\"Link no Texto\" data-track-links=\"\">Fonte: G1<\/p>\n<\/div>\n<\/div>\n<\/div>\n<\/div>\n<\/div>\n<\/div>\n<\/div>\n","protected":false},"excerpt":{"rendered":"<p>Dois trabalhadores foram\u00a0resgatados de condi\u00e7\u00f5es an\u00e1logas \u00e0 escravid\u00e3o\u00a0do navio S\u00e3o Luiz,\u00a0embarca\u00e7\u00e3o que bateu em um pilar de sustenta\u00e7\u00e3o na Ponte Rio-Niter\u00f3i na noite de segunda-feira&#8230;<\/p>\n","protected":false},"author":1527,"featured_media":42406,"comment_status":"closed","ping_status":"closed","sticky":false,"template":"","format":"standard","meta":{"footnotes":""},"categories":[6],"tags":[],"class_list":["post-42404","post","type-post","status-publish","format-standard","has-post-thumbnail","hentry","category-noticias"],"_links":{"self":[{"href":"https:\/\/www.sincomam.org.br\/index.php\/wp-json\/wp\/v2\/posts\/42404","targetHints":{"allow":["GET"]}}],"collection":[{"href":"https:\/\/www.sincomam.org.br\/index.php\/wp-json\/wp\/v2\/posts"}],"about":[{"href":"https:\/\/www.sincomam.org.br\/index.php\/wp-json\/wp\/v2\/types\/post"}],"author":[{"embeddable":true,"href":"https:\/\/www.sincomam.org.br\/index.php\/wp-json\/wp\/v2\/users\/1527"}],"replies":[{"embeddable":true,"href":"https:\/\/www.sincomam.org.br\/index.php\/wp-json\/wp\/v2\/comments?post=42404"}],"version-history":[{"count":2,"href":"https:\/\/www.sincomam.org.br\/index.php\/wp-json\/wp\/v2\/posts\/42404\/revisions"}],"predecessor-version":[{"id":42411,"href":"https:\/\/www.sincomam.org.br\/index.php\/wp-json\/wp\/v2\/posts\/42404\/revisions\/42411"}],"wp:featuredmedia":[{"embeddable":true,"href":"https:\/\/www.sincomam.org.br\/index.php\/wp-json\/wp\/v2\/media\/42406"}],"wp:attachment":[{"href":"https:\/\/www.sincomam.org.br\/index.php\/wp-json\/wp\/v2\/media?parent=42404"}],"wp:term":[{"taxonomy":"category","embeddable":true,"href":"https:\/\/www.sincomam.org.br\/index.php\/wp-json\/wp\/v2\/categories?post=42404"},{"taxonomy":"post_tag","embeddable":true,"href":"https:\/\/www.sincomam.org.br\/index.php\/wp-json\/wp\/v2\/tags?post=42404"}],"curies":[{"name":"wp","href":"https:\/\/api.w.org\/{rel}","templated":true}]}}