{"id":42392,"date":"2022-11-16T08:34:57","date_gmt":"2022-11-16T11:34:57","guid":{"rendered":"http:\/\/www.sincomam.org.br\/?p=42392"},"modified":"2022-11-16T08:34:57","modified_gmt":"2022-11-16T11:34:57","slug":"declaracao-internacional-pede-reducao-das-emissoes-de-gases-de-efeito-estufa-de-combustiveis-fosseis","status":"publish","type":"post","link":"https:\/\/www.sincomam.org.br\/index.php\/declaracao-internacional-pede-reducao-das-emissoes-de-gases-de-efeito-estufa-de-combustiveis-fosseis\/","title":{"rendered":"Declara\u00e7\u00e3o internacional pede redu\u00e7\u00e3o das emiss\u00f5es de gases de efeito estufa de combust\u00edveis f\u00f3sseis"},"content":{"rendered":"<p>A Uni\u00e3o Europeia, Estados Unidos, Reino Unido, Canad\u00e1, Jap\u00e3o, Noruega e Cingapura assinaram uma declara\u00e7\u00e3o conjunta sobre a redu\u00e7\u00e3o das emiss\u00f5es de gases de efeito estufa provenientes de combust\u00edveis f\u00f3sseis. Os signat\u00e1rios comprometem-se a tomar medidas r\u00e1pidas para enfrentar as crises de seguran\u00e7a clim\u00e1tica e energ\u00e9tica.<\/p>\n<p>As partes assumem que a depend\u00eancia de combust\u00edveis f\u00f3sseis deixa o mundo vulner\u00e1vel \u00e0 volatilidade do mercado e aos desafios geopol\u00edticos.<\/p>\n<p>De acordo com a declara\u00e7\u00e3o conjunta, os parceiros reconhecem que, em cen\u00e1rios alinhados ao aumento de 1,5\u00b0C, o consumo de combust\u00edveis f\u00f3sseis ainda persistir\u00e1, mas em n\u00edveis de decl\u00ednio r\u00e1pido, \u00e0 medida que a transi\u00e7\u00e3o energ\u00e9tica global se desenrola. \u201cNos comprometemos a tomar medidas imediatas para reduzir as emiss\u00f5es de gases de efeito estufa associadas \u00e0 produ\u00e7\u00e3o e consumo de energia f\u00f3ssil, principalmente para reduzir as emiss\u00f5es de metano\u201d, afirma a declara\u00e7\u00e3o.<\/p>\n<p>Os signat\u00e1rios pedem aos importadores de energia f\u00f3ssil que tomem medidas para reduzir as emiss\u00f5es de metano associadas ao seu consumo, estimulando a redu\u00e7\u00e3o em toda a cadeia de valor. Aos produtores de energia f\u00f3ssil, \u00e9 solicitada a implementa\u00e7\u00e3o de projetos e apoio a pol\u00edticas com o objetivo de alcan\u00e7ar redu\u00e7\u00f5es de emiss\u00f5es em todas as opera\u00e7\u00f5es.<\/p>\n<p>A Declara\u00e7\u00e3o pede tamb\u00e9m um chamado \u00e0 a\u00e7\u00e3o sob o Global Methane Pledge, para reduzir as emiss\u00f5es antropog\u00eanicas coletivas de metano em pelo menos 30% em rela\u00e7\u00e3o aos n\u00edveis de 2020 at\u00e9 2030 como uma estrat\u00e9gia essencial para reduzir o aquecimento no curto prazo e manter um limite de 1,5\u00b0C na temperatura.<\/p>\n<p>A presidente da Comiss\u00e3o Europeia, Ursula von der Leyen , manifestou o apoio da entidade \u00e0 introdu\u00e7\u00e3o de um limite m\u00e1ximo para o pre\u00e7o do petr\u00f3leo. Na C\u00fapula do G20 que ocorre atualmente em Bali, Von der Leyen afirmou que a energia limpa \u00e9 a \u00fanica resposta para as crises energ\u00e9tica e clim\u00e1tica.<\/p>\n<p>Fonte: Portos e Navios<\/p>\n","protected":false},"excerpt":{"rendered":"<p>A Uni\u00e3o Europeia, Estados Unidos, Reino Unido, Canad\u00e1, Jap\u00e3o, Noruega e Cingapura assinaram uma declara\u00e7\u00e3o conjunta sobre a redu\u00e7\u00e3o das emiss\u00f5es de gases de efeito&#8230;<\/p>\n","protected":false},"author":1527,"featured_media":42393,"comment_status":"closed","ping_status":"closed","sticky":false,"template":"","format":"standard","meta":{"footnotes":""},"categories":[6],"tags":[],"class_list":["post-42392","post","type-post","status-publish","format-standard","has-post-thumbnail","hentry","category-noticias"],"_links":{"self":[{"href":"https:\/\/www.sincomam.org.br\/index.php\/wp-json\/wp\/v2\/posts\/42392","targetHints":{"allow":["GET"]}}],"collection":[{"href":"https:\/\/www.sincomam.org.br\/index.php\/wp-json\/wp\/v2\/posts"}],"about":[{"href":"https:\/\/www.sincomam.org.br\/index.php\/wp-json\/wp\/v2\/types\/post"}],"author":[{"embeddable":true,"href":"https:\/\/www.sincomam.org.br\/index.php\/wp-json\/wp\/v2\/users\/1527"}],"replies":[{"embeddable":true,"href":"https:\/\/www.sincomam.org.br\/index.php\/wp-json\/wp\/v2\/comments?post=42392"}],"version-history":[{"count":1,"href":"https:\/\/www.sincomam.org.br\/index.php\/wp-json\/wp\/v2\/posts\/42392\/revisions"}],"predecessor-version":[{"id":42394,"href":"https:\/\/www.sincomam.org.br\/index.php\/wp-json\/wp\/v2\/posts\/42392\/revisions\/42394"}],"wp:featuredmedia":[{"embeddable":true,"href":"https:\/\/www.sincomam.org.br\/index.php\/wp-json\/wp\/v2\/media\/42393"}],"wp:attachment":[{"href":"https:\/\/www.sincomam.org.br\/index.php\/wp-json\/wp\/v2\/media?parent=42392"}],"wp:term":[{"taxonomy":"category","embeddable":true,"href":"https:\/\/www.sincomam.org.br\/index.php\/wp-json\/wp\/v2\/categories?post=42392"},{"taxonomy":"post_tag","embeddable":true,"href":"https:\/\/www.sincomam.org.br\/index.php\/wp-json\/wp\/v2\/tags?post=42392"}],"curies":[{"name":"wp","href":"https:\/\/api.w.org\/{rel}","templated":true}]}}