{"id":42379,"date":"2022-11-14T08:52:34","date_gmt":"2022-11-14T11:52:34","guid":{"rendered":"http:\/\/www.sincomam.org.br\/?p=42379"},"modified":"2022-11-14T08:52:34","modified_gmt":"2022-11-14T11:52:34","slug":"covid-19-governo-do-rio-recebe-primeiras-vacinas-para-bebes","status":"publish","type":"post","link":"https:\/\/www.sincomam.org.br\/index.php\/covid-19-governo-do-rio-recebe-primeiras-vacinas-para-bebes\/","title":{"rendered":"Covid-19: governo do Rio recebe primeiras vacinas para beb\u00eas"},"content":{"rendered":"<p>A Secretaria de Estado de Sa\u00fade (SES-RJ) confirmou o recebimento de 76 mil doses da vacina do laborat\u00f3rio Pfizer destinada ao combate \u00e0 covid-19 na faixa et\u00e1ria que compreende beb\u00eas a partir de 6 meses e crian\u00e7as abaixo de tr\u00eas\u00a0anos. Os imunizantes chegaram na tarde de\u00a0ontem\u00a0(11). A distribui\u00e7\u00e3o para os munic\u00edpios fluminenses j\u00e1 teve in\u00edcio. Este primeiro lote dever\u00e1 ser destinado aos beb\u00eas e crian\u00e7as com comorbidades.<img decoding=\"async\" src=\"https:\/\/agenciabrasil.ebc.com.br\/ebc.png?id=1493531&amp;o=node\" \/><img decoding=\"async\" src=\"https:\/\/agenciabrasil.ebc.com.br\/ebc.gif?id=1493531&amp;o=node\" \/><\/p>\n<p>A chegada da vacina aos munic\u00edpios ocorre quase dois meses ap\u00f3s o aval da Ag\u00eancia Nacional de Vigil\u00e2ncia Sanit\u00e1ria (Anvisa), que aprovou o imunizante em\u00a016 de setembro. O primeiro lote comprado pelo Minist\u00e9rio da Sa\u00fade chegou h\u00e1 pouco mais de duas semanas.<\/p>\n<p>A vers\u00e3o &#8220;baby&#8221; do imunizante da Pfizer tem uma tampa de cor vinho. O esquema vacinal \u00e9 composto de tr\u00eas doses. Ap\u00f3s a primeira dose, deve-se aguardar quatro semanas para a aplica\u00e7\u00e3o da\u00a0segunda, e posteriormente mais oito semanas para a terceira.<\/p>\n<p>Nem a Anvisa e nem a fabricante impuseram restri\u00e7\u00f5es na aplica\u00e7\u00e3o dessas doses. A decis\u00e3o de vacinar inicialmente apenas beb\u00eas e crian\u00e7as com comorbidades \u00e9 do Minist\u00e9rio da Sa\u00fade. Segundo a pasta, a discuss\u00e3o sobre a amplia\u00e7\u00e3o do p\u00fablico foi submetida \u00e0 Comiss\u00e3o Nacional de Incorpora\u00e7\u00e3o de Tecnologias no SUS (Conitec), que avaliar\u00e1 a quest\u00e3o.<\/p>\n<p>Por enquanto, os vacinados devem possuir diagn\u00f3stico m\u00e9dico de diabetes, pneumopatias, hipertens\u00e3o, doen\u00e7a renal, doen\u00e7as neurol\u00f3gicas, hemoglobinopatias, s\u00edndrome de down ou doen\u00e7as cardiovasculares, entre outras enfermidades. Segundo o Minist\u00e9rio da Sa\u00fade, as doses podem ser administradas simultaneamente \u00e0s demais vacinas do calend\u00e1rio vacinal.<\/p>\n<p>Fonte: Ag\u00eancia Brasil<\/p>\n","protected":false},"excerpt":{"rendered":"<p>A Secretaria de Estado de Sa\u00fade (SES-RJ) confirmou o recebimento de 76 mil doses da vacina do laborat\u00f3rio Pfizer destinada ao combate \u00e0 covid-19 na&#8230;<\/p>\n","protected":false},"author":1527,"featured_media":42381,"comment_status":"closed","ping_status":"closed","sticky":false,"template":"","format":"standard","meta":{"footnotes":""},"categories":[6],"tags":[],"class_list":["post-42379","post","type-post","status-publish","format-standard","has-post-thumbnail","hentry","category-noticias"],"_links":{"self":[{"href":"https:\/\/www.sincomam.org.br\/index.php\/wp-json\/wp\/v2\/posts\/42379","targetHints":{"allow":["GET"]}}],"collection":[{"href":"https:\/\/www.sincomam.org.br\/index.php\/wp-json\/wp\/v2\/posts"}],"about":[{"href":"https:\/\/www.sincomam.org.br\/index.php\/wp-json\/wp\/v2\/types\/post"}],"author":[{"embeddable":true,"href":"https:\/\/www.sincomam.org.br\/index.php\/wp-json\/wp\/v2\/users\/1527"}],"replies":[{"embeddable":true,"href":"https:\/\/www.sincomam.org.br\/index.php\/wp-json\/wp\/v2\/comments?post=42379"}],"version-history":[{"count":2,"href":"https:\/\/www.sincomam.org.br\/index.php\/wp-json\/wp\/v2\/posts\/42379\/revisions"}],"predecessor-version":[{"id":42382,"href":"https:\/\/www.sincomam.org.br\/index.php\/wp-json\/wp\/v2\/posts\/42379\/revisions\/42382"}],"wp:featuredmedia":[{"embeddable":true,"href":"https:\/\/www.sincomam.org.br\/index.php\/wp-json\/wp\/v2\/media\/42381"}],"wp:attachment":[{"href":"https:\/\/www.sincomam.org.br\/index.php\/wp-json\/wp\/v2\/media?parent=42379"}],"wp:term":[{"taxonomy":"category","embeddable":true,"href":"https:\/\/www.sincomam.org.br\/index.php\/wp-json\/wp\/v2\/categories?post=42379"},{"taxonomy":"post_tag","embeddable":true,"href":"https:\/\/www.sincomam.org.br\/index.php\/wp-json\/wp\/v2\/tags?post=42379"}],"curies":[{"name":"wp","href":"https:\/\/api.w.org\/{rel}","templated":true}]}}