{"id":42351,"date":"2022-11-11T10:21:46","date_gmt":"2022-11-11T13:21:46","guid":{"rendered":"http:\/\/www.sincomam.org.br\/?p=42351"},"modified":"2022-11-11T10:21:46","modified_gmt":"2022-11-11T13:21:46","slug":"bicentenario-da-esquadra-brasileira-da-consolidacao-da-independencia-a-defesa-da-amazonia-azul","status":"publish","type":"post","link":"https:\/\/www.sincomam.org.br\/index.php\/bicentenario-da-esquadra-brasileira-da-consolidacao-da-independencia-a-defesa-da-amazonia-azul\/","title":{"rendered":"Bicenten\u00e1rio da Esquadra brasileira: da consolida\u00e7\u00e3o da Independ\u00eancia \u00e0 defesa da Amaz\u00f4nia Azul"},"content":{"rendered":"<p>Na quinta-feira (10), o Brasil comemorou uma data hist\u00f3rica: o bicenten\u00e1rio de cria\u00e7\u00e3o da sua Esquadra. Foi em 10 de novembro de 1822 que o Pavilh\u00e3o Nacional foi i\u00e7ado pela primeira vez em um navio de guerra brasileiro, a Nau \u201cMartim de Freitas\u201d, posteriormente rebatizada de Nau \u201cD. Pedro I\u201d, o primeiro navio Capit\u00e2nia da nossa Esquadra. Foi em meio \u00e0s diversas oposi\u00e7\u00f5es portuguesas que nascia a hoje conhecida Esquadra brasileira, a qual visava combater, naquele momento, as for\u00e7as navais contr\u00e1rias ao processo de independ\u00eancia. Para comemorar a data, foram realizadas, hoje (10), uma cerim\u00f4nia religiosa na Igreja da Candel\u00e1ria, no centro do Rio de Janeiro, e outra militar, a bordo do Navio Aer\u00f3dromo Multiprop\u00f3sito \u201cAtl\u00e2ntico\u201d, atual Capit\u00e2nia da Esquadra.<\/p>\n<p>Conforme afirma o chefe do Departamento de Hist\u00f3ria Mar\u00edtima e Naval da Diretoria do Patrim\u00f4nio Hist\u00f3rico e Documenta\u00e7\u00e3o da Marinha (DPHDM), Capit\u00e3o de Fragata Carlos Andr\u00e9 Lopes da Silva, nesse processo de consolida\u00e7\u00e3o territorial, fazia-se necess\u00e1ria a cria\u00e7\u00e3o de uma estrutura para combater diretamente a a\u00e7\u00e3o dos revoltosos. \u201cO mais importante ministro da \u00e9poca, Jos\u00e9 Bonif\u00e1cio, entendeu que a cria\u00e7\u00e3o de uma Esquadra forte, ou seja, a institui\u00e7\u00e3o de um poder naval nacional, seria a condi\u00e7\u00e3o indispens\u00e1vel para que o Brasil pudesse fazer frente a qualquer tentativa militar de retomada do controle por parte dos portugueses naquele momento\u201d.<\/p>\n<div class=\"td-a-rec td-a-rec-id-content_inline td_uid_2_636e1dab48b50_rand td_block_template_11\"><\/div>\n<p>Ainda sobre esse per\u00edodo, a doutoranda em hist\u00f3ria, pol\u00edtica e bens culturais da Funda\u00e7\u00e3o Get\u00falio Vargas (FGV), professora J\u00e9ssica de Freitas e Gonzaga da Silva, refor\u00e7a tamb\u00e9m que era estrat\u00e9gico possuir uma esquadra atuante, uma vez que n\u00e3o disp\u00fanhamos de estradas naquele per\u00edodo. \u201cA defesa da soberania do rec\u00e9m-independente Imp\u00e9rio do Brasil e a preserva\u00e7\u00e3o da integridade do territ\u00f3rio justificaram a cria\u00e7\u00e3o imediata da Esquadra brasileira em 1822. A aus\u00eancia de estradas ampliava o papel estrat\u00e9gico das comunica\u00e7\u00f5es mar\u00edtimas para garantir o transporte de tropas, a defesa do com\u00e9rcio internacional, a proje\u00e7\u00e3o de poder do governo central e a pacifica\u00e7\u00e3o, assegurando as dimens\u00f5es continentais brasileiras\u201d, refor\u00e7a a docente.<\/p>\n<p><strong>A Esquadra nos dias de hoje<\/strong><\/p>\n<div>\n<p class=\" aBigClassNameToAvoidCollisionInText aBigClassNameToAvoidCollisionInText\">Dois s\u00e9culos se passaram e, desde ent\u00e3o, a Esquadra brasileira permanece com o mesmo esp\u00edrito de defesa da P\u00e1tria e de unicidade territorial. Al\u00e9m de toda a parte material da For\u00e7a Naval, ressalta-se a import\u00e2ncia do pessoal envolvido, conforme salienta o Comandante em Chefe da Esquadra, Vice-Almirante Arthur Fernando Bettega Corr\u00eaa. \u201cO capital humano \u00e9 imprescind\u00edvel para o pleno cumprimento das miss\u00f5es e \u00e9 o nosso maior patrim\u00f4nio. A Esquadra de hoje \u00e9 composta por homens e mulheres que vibram e se esmeram diariamente no exerc\u00edcio de suas tarefas, de forma a manterem-se em condi\u00e7\u00f5es de bem defender a nossa soberania e os nossos interesses na Amaz\u00f4nia Azul. S\u00e3o muitos os exemplos dos nossos antecessores que, nesses 200 anos de rica hist\u00f3ria, defenderam nossos interesses contra na\u00e7\u00f5es poderosas, quando o Brasil se fez presente por interm\u00e9dio do n\u00facleo do seu poder naval, a Esquadra\u201d, afirmou.<\/p>\n<div>\n<p>Para a professora J\u00e9ssica, os projetos desenvolvidos pela MB configuram um diferencial na mentalidade mar\u00edtima da na\u00e7\u00e3o. \u201cEm primeiro lugar, por permanecer promovendo um pensamento naval estrat\u00e9gico aut\u00f4nomo, a fim de conquistar independ\u00eancia tecnol\u00f3gica e dispor de um programa robusto de constru\u00e7\u00e3o do n\u00facleo do Poder Naval, entre os quais, destacam-se a continuidade do Programa de Desenvolvimento de Submarinos (PROSUB), o Programa de Desenvolvimento de Navios de Superf\u00edcie (PROSUPER), o Programa de Obten\u00e7\u00e3o de Navios com capacidade de Controle de \u00c1rea Mar\u00edtima, o Programa de Constru\u00e7\u00e3o de Navios-Patrulha (PRONAPA) e o Projeto M\u00edssil Antinavio Nacional de Superf\u00edcie (MANSUP). Esses projetos ambiciosos contribuem para afirmar o papel do Poder Naval na proje\u00e7\u00e3o internacional do Estado brasileiro, sobretudo, garantindo a nega\u00e7\u00e3o do uso do mar ao inimigo e a capacidade dissuas\u00f3ria diante das amea\u00e7as contempor\u00e2neas\u201d, disse.<\/p>\n<\/div>\n<p><strong>Composi\u00e7\u00e3o da atual Esquadra brasileira<\/strong><br \/>\nA Esquadra \u00e9 o conjunto de for\u00e7as (compostas de navios de superf\u00edcie de combate e de apoio, submarinos e aeronaves, incorporados \u00e0 Marinha do Brasil), sob comando \u00fanico, para fins administrativos.<\/p>\n<p>Atualmente, o Brasil conta em sua Esquadra com um navio-aer\u00f3dromo multiprop\u00f3sito, fragatas, corvetas, submarinos, navios de desembarque de carros de combate, de apoio log\u00edstico m\u00f3vel, navio doca multiprop\u00f3sito, de socorro submarino, aeronaves e embarca\u00e7\u00f5es anf\u00edbias, al\u00e9m de centros de instru\u00e7\u00e3o, bases e centros de adestramento, capazes de desempenhar diversas tarefas.<\/p>\n<\/div>\n","protected":false},"excerpt":{"rendered":"<p>Na quinta-feira (10), o Brasil comemorou uma data hist\u00f3rica: o bicenten\u00e1rio de cria\u00e7\u00e3o da sua Esquadra. Foi em 10 de novembro de 1822 que o&#8230;<\/p>\n","protected":false},"author":1527,"featured_media":42352,"comment_status":"closed","ping_status":"closed","sticky":false,"template":"","format":"standard","meta":{"footnotes":""},"categories":[6],"tags":[],"class_list":["post-42351","post","type-post","status-publish","format-standard","has-post-thumbnail","hentry","category-noticias"],"_links":{"self":[{"href":"https:\/\/www.sincomam.org.br\/index.php\/wp-json\/wp\/v2\/posts\/42351","targetHints":{"allow":["GET"]}}],"collection":[{"href":"https:\/\/www.sincomam.org.br\/index.php\/wp-json\/wp\/v2\/posts"}],"about":[{"href":"https:\/\/www.sincomam.org.br\/index.php\/wp-json\/wp\/v2\/types\/post"}],"author":[{"embeddable":true,"href":"https:\/\/www.sincomam.org.br\/index.php\/wp-json\/wp\/v2\/users\/1527"}],"replies":[{"embeddable":true,"href":"https:\/\/www.sincomam.org.br\/index.php\/wp-json\/wp\/v2\/comments?post=42351"}],"version-history":[{"count":1,"href":"https:\/\/www.sincomam.org.br\/index.php\/wp-json\/wp\/v2\/posts\/42351\/revisions"}],"predecessor-version":[{"id":42353,"href":"https:\/\/www.sincomam.org.br\/index.php\/wp-json\/wp\/v2\/posts\/42351\/revisions\/42353"}],"wp:featuredmedia":[{"embeddable":true,"href":"https:\/\/www.sincomam.org.br\/index.php\/wp-json\/wp\/v2\/media\/42352"}],"wp:attachment":[{"href":"https:\/\/www.sincomam.org.br\/index.php\/wp-json\/wp\/v2\/media?parent=42351"}],"wp:term":[{"taxonomy":"category","embeddable":true,"href":"https:\/\/www.sincomam.org.br\/index.php\/wp-json\/wp\/v2\/categories?post=42351"},{"taxonomy":"post_tag","embeddable":true,"href":"https:\/\/www.sincomam.org.br\/index.php\/wp-json\/wp\/v2\/tags?post=42351"}],"curies":[{"name":"wp","href":"https:\/\/api.w.org\/{rel}","templated":true}]}}