{"id":4231,"date":"2014-03-17T09:00:15","date_gmt":"2014-03-17T12:00:15","guid":{"rendered":"http:\/\/www.sincomam.org.br\/?p=4231"},"modified":"2014-03-17T10:21:34","modified_gmt":"2014-03-17T13:21:34","slug":"movimentacao-de-conteineres-no-porto-de-itajai-cresce-14-em-2014","status":"publish","type":"post","link":"https:\/\/www.sincomam.org.br\/index.php\/movimentacao-de-conteineres-no-porto-de-itajai-cresce-14-em-2014\/","title":{"rendered":"Movimenta\u00e7\u00e3o de cont\u00eaineres no Porto de Itaja\u00ed cresce 14% em 2014"},"content":{"rendered":"<p>A movimenta\u00e7\u00e3o de cargas no Complexo Portu\u00e1rio do Itaja\u00ed foi considerada excelente em fevereiro de 2014. Juntos, o Porto P\u00fablico e demais terminais instalados \u00e0s margens direita e esquerda do rio hom\u00f4nimo operaram 89,29 mil TEUs (Twenty-foot Equivalent Unit &#8211; unidade internacional equivalente a um cont\u00eainer de 20 p\u00e9s). O avan\u00e7o, em rela\u00e7\u00e3o a fevereiro do ano passado, foi de 17%. No entanto, os volumes movimentados no segundo m\u00eas do ano superaram, inclusive, as cargas de janeiro em praticamente 3 mil TEUs, o que elevou significativamente a m\u00e9dia di\u00e1ria, de 2,37 mil TEUs, no primeiro m\u00eas do ano, para 2,71 mil TEUs, no \u00faltimo m\u00eas.<\/p>\n<p>O acumulado de cargas no primeiro bimestre do ano ficou em 169,93 mil TEUs, com crescimento de 14% sobre a movimenta\u00e7\u00e3o registrada em igual per\u00edodo do ano passado. &#8220;O avan\u00e7o no volume de cargas operado j\u00e1 \u00e9 reflexo na melhoria das condi\u00e7\u00f5es de acesso e das profundidades alcan\u00e7adas pela dragagem de manuten\u00e7\u00e3o&#8221;, explica o diretor Executivo do Porto de Itaja\u00ed, Heder Cassiano Moritz.<\/p>\n<p>Do total das cargas operadas no bimestre, o Porto P\u00fablico e APM Terminals Itaja\u00ed (APMT) movimentaram 66,19 mil TEUs, com avan\u00e7o de 14%. J\u00e1 a Portonave Terminal Portu\u00e1rio Navegantes 103,73 mil TEUs. Com rela\u00e7\u00e3o ao fluxo das cargas, 51% das opera\u00e7\u00f5es foram importa\u00e7\u00f5es e 49% foram exporta\u00e7\u00f5es. Os frangos lideram a pauta de exporta\u00e7\u00f5es do Complexo, enquanto as importa\u00e7\u00f5es s\u00e3o lideradas pelos produtos mec\u00e2nicos e eletr\u00f4nicos.<\/p>\n<p>&#8220;Os n\u00fameros registrados no primeiro bimestre geram um cen\u00e1rio bastante positivo para o Complexo Portu\u00e1rio do Itaja\u00ed no ano de 2014, quando devemos operar aproximadamente 1,2 milh\u00e3o de TEUs. No entanto, \u00e9 necess\u00e1rio que fiquemos atentos a continuidade dos investimentos programados para o Porto de Itaja\u00ed, que s\u00e3o as obras de refor\u00e7o e retifica\u00e7\u00e3o dos ber\u00e7os 3 e 4, a constru\u00e7\u00e3o de nova bacia de evolu\u00e7\u00e3o e adequa\u00e7\u00e3o dos acessos e as dragagens de manuten\u00e7\u00e3o, para nos mantermos competitivos nos mercados regional e nacional&#8221;, diz o superintendente do Porto de Itaja\u00ed, engenheiro Antonio Ayres dos Santos J\u00fanior.<\/p>\n<p>Fonte: Portos e Navios<\/p>\n","protected":false},"excerpt":{"rendered":"<p>A movimenta\u00e7\u00e3o de cargas no Complexo Portu\u00e1rio do Itaja\u00ed foi considerada excelente em fevereiro de 2014. Juntos, o Porto P\u00fablico e demais terminais instalados \u00e0s&#8230;<\/p>\n","protected":false},"author":1182,"featured_media":0,"comment_status":"closed","ping_status":"closed","sticky":false,"template":"","format":"standard","meta":{"footnotes":""},"categories":[6],"tags":[],"class_list":["post-4231","post","type-post","status-publish","format-standard","hentry","category-noticias"],"_links":{"self":[{"href":"https:\/\/www.sincomam.org.br\/index.php\/wp-json\/wp\/v2\/posts\/4231","targetHints":{"allow":["GET"]}}],"collection":[{"href":"https:\/\/www.sincomam.org.br\/index.php\/wp-json\/wp\/v2\/posts"}],"about":[{"href":"https:\/\/www.sincomam.org.br\/index.php\/wp-json\/wp\/v2\/types\/post"}],"author":[{"embeddable":true,"href":"https:\/\/www.sincomam.org.br\/index.php\/wp-json\/wp\/v2\/users\/1182"}],"replies":[{"embeddable":true,"href":"https:\/\/www.sincomam.org.br\/index.php\/wp-json\/wp\/v2\/comments?post=4231"}],"version-history":[{"count":1,"href":"https:\/\/www.sincomam.org.br\/index.php\/wp-json\/wp\/v2\/posts\/4231\/revisions"}],"predecessor-version":[{"id":4232,"href":"https:\/\/www.sincomam.org.br\/index.php\/wp-json\/wp\/v2\/posts\/4231\/revisions\/4232"}],"wp:attachment":[{"href":"https:\/\/www.sincomam.org.br\/index.php\/wp-json\/wp\/v2\/media?parent=4231"}],"wp:term":[{"taxonomy":"category","embeddable":true,"href":"https:\/\/www.sincomam.org.br\/index.php\/wp-json\/wp\/v2\/categories?post=4231"},{"taxonomy":"post_tag","embeddable":true,"href":"https:\/\/www.sincomam.org.br\/index.php\/wp-json\/wp\/v2\/tags?post=4231"}],"curies":[{"name":"wp","href":"https:\/\/api.w.org\/{rel}","templated":true}]}}