{"id":42252,"date":"2022-11-07T08:15:23","date_gmt":"2022-11-07T11:15:23","guid":{"rendered":"http:\/\/www.sincomam.org.br\/?p=42252"},"modified":"2022-11-07T08:15:23","modified_gmt":"2022-11-07T11:15:23","slug":"nova-editora-da-marinha-publica-livro-sobre-a-primeira-guerra-mundial","status":"publish","type":"post","link":"https:\/\/www.sincomam.org.br\/index.php\/nova-editora-da-marinha-publica-livro-sobre-a-primeira-guerra-mundial\/","title":{"rendered":"Nova editora da Marinha publica livro sobre a Primeira Guerra Mundial"},"content":{"rendered":"<p class=\"rtejustify\">\u201cPreservar a mem\u00f3ria para construir a Hist\u00f3ria\u201d. Com esse lema, a Diretoria do Patrim\u00f4nio Hist\u00f3rico e Documenta\u00e7\u00e3o da Marinha (DPHDM) formalizou, no primeiro semestre deste ano, a cria\u00e7\u00e3o da Editora Letras Mar\u00edtimas, que substituiu a antiga Editora SDM. O objetivo da nova editora \u00e9 publicar obras hist\u00f3ricas, t\u00e9cnicas e culturais.<\/p>\n<p class=\"rtejustify\">No m\u00eas de outubro, a mais recente publica\u00e7\u00e3o da nova editora \u00e9 o livro \u201cDa Guerra \u00e0 Diplomacia: a hist\u00f3ria da Divis\u00e3o Naval Brasileira na Grande Guerra\u201d, lan\u00e7ado no Museu Naval, no Centro do Rio de Janeiro (RJ). A obra foi escrita pelo professor do Programa de P\u00f3s-Gradua\u00e7\u00e3o em Estudos Mar\u00edtimos da Escola de Guerra Naval (EGN), Capit\u00e3o de Mar e Guerra Francisco Eduardo Alves de Almeida.<\/p>\n<p class=\"rtejustify\">De acordo com o Diretor da DPHDM e Presidente do Conselho Editorial da Letras Mar\u00edtimas, Vice-Almirante Jos\u00e9 Carlos Mathias, \u201ca Marinha do Brasil tem uma voca\u00e7\u00e3o hist\u00f3rica para a atividade de produ\u00e7\u00e3o editorial e at\u00e9 o momento, cerca de 100 livros j\u00e1 foram produzidos pela For\u00e7a. Uma das miss\u00f5es da Editora Letras Mar\u00edtimas \u00e9 estimular o desenvolvimento da mentalidade mar\u00edtima no p\u00fablico-leitor, e que mais pessoas tenham acesso e conhecimento sobre a hist\u00f3ria naval, afinal, a hist\u00f3ria da Marinha \u00e9 a hist\u00f3ria do Brasil\u201d.<\/p>\n<p class=\"rtejustify\"><strong>\u201cDa Guerra \u00e0 Diplomacia\u201d<\/strong><br \/>\nEm 11 cap\u00edtulos, o leitor poder\u00e1 conhecer os fatos que levaram o mundo a iniciar a Primeira Guerra Mundial e que motivaram o Brasil a participar dela, al\u00e9m dos esfor\u00e7os brasileiros para a cria\u00e7\u00e3o da Divis\u00e3o Naval em Opera\u00e7\u00f5es de Guerra (DNOG), o dia a dia do conflito e os desafios enfrentados pelos tripulantes, como a gripe espanhola e o risco iminente de sofrer ataques alem\u00e3es.<\/p>\n<p class=\"rtejustify\">A escolha de lan\u00e7ar o livro no dia 26 de outubro est\u00e1 relacionada aos ataques que os navios mercantes brasileiros sofreram da Marinha Imperial alem\u00e3, h\u00e1 105 anos. Para auxiliar o esfor\u00e7o de guerra e cooperar com as marinhas aliadas, o governo de Venceslau Br\u00e1s ofereceu como contribui\u00e7\u00e3o o envio de uma divis\u00e3o naval composta de dois cruzadores, quatro contratorpedeiros, um\u00a0<em>tender<\/em>\u00a0e um rebocador de alto-mar para realizar patrulhas antissubmarino no tri\u00e2ngulo formado entre Cabo Verde, Dacar e Gibraltar.<\/p>\n<p class=\"rtejustify\">De acordo com o Capit\u00e3o de Mar e Guerra Alves de Almeida, a base de apoio seria Gibraltar, subordinando os navios brasileiros ao Comando Geral Brit\u00e2nico nesta cidade. \u201cA DNOG compunha um grupo-tarefa subordinado a Almirante ingl\u00eas Heathcoat Grant. Foram 13 meses de opera\u00e7\u00f5es sendo que 103 dias de opera\u00e7\u00f5es de guerra. No entanto, o mais importante foi ao t\u00e9rmino do conflito, quando a divis\u00e3o naval brasileira foi convidada a participar das comemora\u00e7\u00f5es pela vit\u00f3ria aliada contra os alem\u00e3es visitando portos na Inglaterra, Fran\u00e7a, Portugal e It\u00e1lia. Essa miss\u00e3o final de \u2018mostrar\u2019 a bandeira foi fundamental no reconhecimento por parte da comunidade internacional de que o Brasil deveria ser ouvido. Foi o que se chama atualmente em estrat\u00e9gia de diplomacia naval em seu mais puro sentido\u201d.<\/p>\n<p class=\"rtejustify\">O livro \u201cDa Guerra \u00e0 Diplomacia\u201d \u00e9 fruto de uma pesquisa in\u00e9dita em uma s\u00e9rie de institui\u00e7\u00f5es, como o Arquivo da Marinha, a Biblioteca Nacional e os Arquivos do Brasil (Salvador, Recife e Natal) e do exterior (Portugal, Reino Unido e Fran\u00e7a). Por meio de falas e entrevistas de personagens reais, que embarcaram na miss\u00e3o, o material que comp\u00f5e o livro imprime autenticidade aos fatos hist\u00f3ricos.<\/p>\n<p class=\"rtejustify aBigClassNameToAvoidCollisionInText aBigClassNameToAvoidCollisionInText\">Para o Capit\u00e3o de Mar e Guerra Alves de Almeida, a inspira\u00e7\u00e3o para escrever sobre a Primeira Guerra foi a escassez de textos sobre o assunto. Segundo ele, existiam trabalhos not\u00e1veis sobre a DNOG como o livro memorial\u00edstico de Francisco Veras, de 1920; o cl\u00e1ssico \u201cDNOG uma p\u00e1gina esquecida da hist\u00f3ria da Marinha brasileira\u201d do Almirante Prado Maia; e alguns textos do Almirante H\u00e9lio Le\u00f4ncio Martins. \u201cUnificar todo esse material foi uma experi\u00eancia marcante como historiador e oficial de Marinha. A minha miss\u00e3o foi trazer para o presente os desafios e as vit\u00f3rias da Marinha Brasileira do passado, assim, o livro nasceu como um justo reconhecimento aos esfor\u00e7os de nossa Marinha para cumprir com efic\u00e1cia a miss\u00e3o a ela atribu\u00edda pelo governo. Cada vez que percebia a engenhosidade, esp\u00edrito de sacrif\u00edcio e supera\u00e7\u00e3o das dificuldades das tripula\u00e7\u00f5es dos navios da DNOG, mais eu admirava a abnega\u00e7\u00e3o dos 1.515 tripulantes. Essa \u00e9 uma hist\u00f3ria que precisamos conhecer\u201d, concluiu.<\/p>\n<p class=\"rtejustify\"><strong>Cat\u00e1logo da editora<\/strong><br \/>\nPara ter acesso ao cat\u00e1logo completo da Editora Letras Mar\u00edtimas, acesse o site da\u00a0<a href=\"https:\/\/www.marinha.mil.br\/bibliotecadamarinha\/?q=catalogo\" target=\"_blank\" rel=\"noopener\">Biblioteca da Marinha<\/a>\u00a0e da\u00a0<a href=\"https:\/\/cartasnauticasbrasil.com.br\/livros.html\" target=\"_blank\" rel=\"noopener\">Empresa Gerencial de Projetos Navais<\/a>. Os t\u00edtulos em\u00a0<em>e-book<\/em>\u00a0podem ser encontrados nas principais plataformas, tais como Amazon, Racuten Kobo, Google e Apple.<\/p>\n<p class=\"rtejustify\">Outra forma de obter as publica\u00e7\u00f5es \u00e9 diretamente no ponto de vendas da DPHDM, situado no primeiro andar do pr\u00e9dio do Arquivo da Marinha, na Ilha das Cobras, no Centro do Rio de Janeiro (RJ). O funcionamento \u00e9 de segunda a sexta, das 9h \u00e0s 15h.<\/p>\n<p>Fonte: Defesa em Foco<\/p>\n","protected":false},"excerpt":{"rendered":"<p>\u201cPreservar a mem\u00f3ria para construir a Hist\u00f3ria\u201d. Com esse lema, a Diretoria do Patrim\u00f4nio Hist\u00f3rico e Documenta\u00e7\u00e3o da Marinha (DPHDM) formalizou, no primeiro semestre deste&#8230;<\/p>\n","protected":false},"author":1527,"featured_media":42253,"comment_status":"closed","ping_status":"closed","sticky":false,"template":"","format":"standard","meta":{"footnotes":""},"categories":[6],"tags":[],"class_list":["post-42252","post","type-post","status-publish","format-standard","has-post-thumbnail","hentry","category-noticias"],"_links":{"self":[{"href":"https:\/\/www.sincomam.org.br\/index.php\/wp-json\/wp\/v2\/posts\/42252","targetHints":{"allow":["GET"]}}],"collection":[{"href":"https:\/\/www.sincomam.org.br\/index.php\/wp-json\/wp\/v2\/posts"}],"about":[{"href":"https:\/\/www.sincomam.org.br\/index.php\/wp-json\/wp\/v2\/types\/post"}],"author":[{"embeddable":true,"href":"https:\/\/www.sincomam.org.br\/index.php\/wp-json\/wp\/v2\/users\/1527"}],"replies":[{"embeddable":true,"href":"https:\/\/www.sincomam.org.br\/index.php\/wp-json\/wp\/v2\/comments?post=42252"}],"version-history":[{"count":1,"href":"https:\/\/www.sincomam.org.br\/index.php\/wp-json\/wp\/v2\/posts\/42252\/revisions"}],"predecessor-version":[{"id":42254,"href":"https:\/\/www.sincomam.org.br\/index.php\/wp-json\/wp\/v2\/posts\/42252\/revisions\/42254"}],"wp:featuredmedia":[{"embeddable":true,"href":"https:\/\/www.sincomam.org.br\/index.php\/wp-json\/wp\/v2\/media\/42253"}],"wp:attachment":[{"href":"https:\/\/www.sincomam.org.br\/index.php\/wp-json\/wp\/v2\/media?parent=42252"}],"wp:term":[{"taxonomy":"category","embeddable":true,"href":"https:\/\/www.sincomam.org.br\/index.php\/wp-json\/wp\/v2\/categories?post=42252"},{"taxonomy":"post_tag","embeddable":true,"href":"https:\/\/www.sincomam.org.br\/index.php\/wp-json\/wp\/v2\/tags?post=42252"}],"curies":[{"name":"wp","href":"https:\/\/api.w.org\/{rel}","templated":true}]}}