{"id":42229,"date":"2022-11-04T11:17:05","date_gmt":"2022-11-04T14:17:05","guid":{"rendered":"http:\/\/www.sincomam.org.br\/?p=42229"},"modified":"2022-11-04T11:17:05","modified_gmt":"2022-11-04T14:17:05","slug":"webinar-realizado-pela-antaq-discute-a-necessidade-do-transporte-por-cabotagem-e-mercado-feeder","status":"publish","type":"post","link":"https:\/\/www.sincomam.org.br\/index.php\/webinar-realizado-pela-antaq-discute-a-necessidade-do-transporte-por-cabotagem-e-mercado-feeder\/","title":{"rendered":"Webinar realizado pela ANTAQ discute a necessidade do transporte por cabotagem e mercado feeder"},"content":{"rendered":"<p>A Ag\u00eancia Nacional de Transportes Aquavi\u00e1rio (ANTAQ) realizou o webinar \u201cQuantifica\u00e7\u00e3o do Mercado <em>Feeder<\/em>\u00a0na Cabotagem Brasileira\u201d. A ideia foi trazer o tema como destaque entre os representantes do setor portu\u00e1rio. O encontro foi virtual e contou com a participa\u00e7\u00e3o do diretor-geral da Ag\u00eancia, Eduardo Nery, e um representante do Minist\u00e9rio da Infraestrutura.<\/p>\n<p>Na ocasi\u00e3o, foi apresentado um estudo que revelou, nos \u00faltimos 12 anos, um aumento do transporte por cont\u00eainer de aproximadamente 245%. Esse n\u00famero simboliza uma m\u00e9dia de 12% no crescimento anual. O mercado\u00a0<em>feeder<\/em>\u00a0representa 44% do total da cabotagem brasileira de cont\u00eaineres, dando destaque ao complexo santista, respons\u00e1vel por cerca de 65% de todas as cargas\u00a0<em>feeder<\/em>\u00a0nacionais. As conclus\u00f5es do estudo trouxeram, tamb\u00e9m, o monitoramento do programa de incentivo BR do Mar, que tem objetivo ampliar e melhorar o uso de transporte por cabotagem.<\/p>\n<p>Nery destacou o potencial de crescimento do mercado\u00a0<em>feeder<\/em>\u00a0e a import\u00e2ncia de pol\u00edticas p\u00fablicas que aumentem a infraestrutura e contribuam para o desenvolvimento dos portos brasileiros com o intuito de torn\u00e1-los\u00a0<em>hub ports<\/em>. O DG ressaltou tamb\u00e9m que a ANTAQ estar\u00e1 vigilante \u00e0 quest\u00f5es de melhoria na \u00e1rea e que a Ag\u00eancia ser\u00e1 a voz do setor portu\u00e1rio.<\/p>\n<p>Fonte: Assessoria de Comunica\u00e7\u00e3o Social da ANTAQ<\/p>\n","protected":false},"excerpt":{"rendered":"<p>A Ag\u00eancia Nacional de Transportes Aquavi\u00e1rio (ANTAQ) realizou o webinar \u201cQuantifica\u00e7\u00e3o do Mercado Feeder\u00a0na Cabotagem Brasileira\u201d. A ideia foi trazer o tema como destaque entre&#8230;<\/p>\n","protected":false},"author":1527,"featured_media":41548,"comment_status":"closed","ping_status":"closed","sticky":false,"template":"","format":"standard","meta":{"footnotes":""},"categories":[6],"tags":[],"class_list":["post-42229","post","type-post","status-publish","format-standard","has-post-thumbnail","hentry","category-noticias"],"_links":{"self":[{"href":"https:\/\/www.sincomam.org.br\/index.php\/wp-json\/wp\/v2\/posts\/42229","targetHints":{"allow":["GET"]}}],"collection":[{"href":"https:\/\/www.sincomam.org.br\/index.php\/wp-json\/wp\/v2\/posts"}],"about":[{"href":"https:\/\/www.sincomam.org.br\/index.php\/wp-json\/wp\/v2\/types\/post"}],"author":[{"embeddable":true,"href":"https:\/\/www.sincomam.org.br\/index.php\/wp-json\/wp\/v2\/users\/1527"}],"replies":[{"embeddable":true,"href":"https:\/\/www.sincomam.org.br\/index.php\/wp-json\/wp\/v2\/comments?post=42229"}],"version-history":[{"count":1,"href":"https:\/\/www.sincomam.org.br\/index.php\/wp-json\/wp\/v2\/posts\/42229\/revisions"}],"predecessor-version":[{"id":42230,"href":"https:\/\/www.sincomam.org.br\/index.php\/wp-json\/wp\/v2\/posts\/42229\/revisions\/42230"}],"wp:featuredmedia":[{"embeddable":true,"href":"https:\/\/www.sincomam.org.br\/index.php\/wp-json\/wp\/v2\/media\/41548"}],"wp:attachment":[{"href":"https:\/\/www.sincomam.org.br\/index.php\/wp-json\/wp\/v2\/media?parent=42229"}],"wp:term":[{"taxonomy":"category","embeddable":true,"href":"https:\/\/www.sincomam.org.br\/index.php\/wp-json\/wp\/v2\/categories?post=42229"},{"taxonomy":"post_tag","embeddable":true,"href":"https:\/\/www.sincomam.org.br\/index.php\/wp-json\/wp\/v2\/tags?post=42229"}],"curies":[{"name":"wp","href":"https:\/\/api.w.org\/{rel}","templated":true}]}}