{"id":42177,"date":"2022-11-01T07:08:27","date_gmt":"2022-11-01T10:08:27","guid":{"rendered":"http:\/\/www.sincomam.org.br\/?p=42177"},"modified":"2022-10-31T23:10:43","modified_gmt":"2022-11-01T02:10:43","slug":"fernando-de-noronha-vai-ganhar-usina-solar-flutuante","status":"publish","type":"post","link":"https:\/\/www.sincomam.org.br\/index.php\/fernando-de-noronha-vai-ganhar-usina-solar-flutuante\/","title":{"rendered":"Fernando de Noronha vai ganhar usina solar flutuante"},"content":{"rendered":"<p>Uma usina solar fotovoltaica flutuante ser\u00e1 instalada pela empresa Neoenergia no espelho d\u2019\u00e1gua do A\u00e7ude do Xar\u00e9u, no arquip\u00e9lago de Fernando de Noronha. O a\u00e7ude tem \u00e1rea de cerca de 4.400 metros quadrados e pertence \u00e0 Companhia Pernambucana de Saneamento (Compesa), maior consumidora de energia da ilha.<img decoding=\"async\" src=\"https:\/\/agenciabrasil.ebc.com.br\/ebc.png?id=1491565&amp;o=node\" \/><img decoding=\"async\" src=\"https:\/\/agenciabrasil.ebc.com.br\/ebc.gif?id=1491565&amp;o=node\" \/><\/p>\n<p>\u201cEles consomem 18% da energia da nossa usina de Noronha. Colocando essa nova usina no espelho d\u2019\u00e1gua, n\u00f3s vamos economizar 50% do consumo da Compesa. \u00c9 importante porque isso vai reduzir a gera\u00e7\u00e3o na ilha e, portanto, ter\u00e1 reflexos na parte ambiental de Noronha\u201d, disse a superintendente de Efici\u00eancia Energ\u00e9tica da Neoenergia, Ana Christina Mascarenhas.<\/p>\n<p>Segundo ela, o objetivo \u00e9\u00a0reduzir o consumo do arquip\u00e9lago que utiliza em grande medida o diesel, um combust\u00edvel poluente.<\/p>\n<p>A usina solar flutuante contribuir\u00e1 tamb\u00e9m para a descarboniza\u00e7\u00e3o e a sustentabilidade em Fernando de Noronha, promovendo redu\u00e7\u00e3o de 1.663 toneladas de g\u00e1s carb\u00f4nico (CO2) emitidos anualmente no arquip\u00e9lago, que \u00e9 reconhecido pela Organiza\u00e7\u00e3o das Na\u00e7\u00f5es Unidas para a Educa\u00e7\u00e3o, a Ci\u00eancia e a Cultura (Unesco) como Patrim\u00f4nio Natural da Humanidade. O consumo m\u00e9dio da ilha \u00e9 de 2.300 megawatts-hora (MWh) por m\u00eas.<\/p>\n<p>A nova usina\u00a0ter\u00e1 investimento superior a R$ 10 milh\u00f5es, estimou Ana Christina. Sua entrada em opera\u00e7\u00e3o \u00e9 prevista para o segundo semestre de 2023. O processo de licita\u00e7\u00e3o ainda n\u00e3o foi conclu\u00eddo e est\u00e1 recebendo propostas para constru\u00e7\u00e3o da nova planta, que\u00a0ter\u00e1 pot\u00eancia de cerca de 630 quilowatt-pico (kWp) e uma gera\u00e7\u00e3o estimada de 1.238 MWh por ano. Ana lembrou que a usina solar flutuante vai gerar energia para consumo imediato pela Compesa, que trabalha 24 horas dessalinizando \u00e1gua do mar.<\/p>\n<h2>Bicicletas e ve\u00edculos\u00a0el\u00e9tricos<\/h2>\n<p>A superintende refor\u00e7ou que a usina solar flutuante se incorpora a outros projetos sustent\u00e1veis desenvolvidos pela empresa\u00a0na ilha, por meio do Programa Energia Sustent\u00e1vel Noronha, que prev\u00ea solu\u00e7\u00f5es energ\u00e9ticas renov\u00e1veis e de est\u00edmulo \u00e0 preserva\u00e7\u00e3o do ecossistema.<\/p>\n<p>Entre as iniciativas, est\u00e1 a Usina Solar Vacaria, que faz parte do Trilha Verde, projeto de mobilidade el\u00e9trica. A unidade, j\u00e1 inaugurada, tem pot\u00eancia de 50 kWp, com gera\u00e7\u00e3o estimada de 75 MWh\/ano.<\/p>\n<p>Dez ve\u00edculos do projeto j\u00e1 foram incorporados \u00e0s atividades\u00a0tur\u00edsticas, administra\u00e7\u00e3o distrital e opera\u00e7\u00e3o da Neoenergia na ilha. Outros dois ser\u00e3o entregues nos pr\u00f3ximos dias. Os carros ser\u00e3o abastecidos por 12 novos pontos de recargas previstos no projeto e que ser\u00e3o instalados em locais estrat\u00e9gicos da ilha.<\/p>\n<p>Tamb\u00e9m visando a mobilidade sustent\u00e1vel, a empresa vai instalar postos de carregamento de bicicletas el\u00e9tricas. O uso \u00e9 recomendado n\u00e3o s\u00f3 para moradores, mas tamb\u00e9m para turistas. Est\u00e1 prevista a instala\u00e7\u00e3o de quatro postos de carregamento de bicicletas em lugares estrat\u00e9gicos, como praias. Os carregadores poder\u00e3o ser utilizados gratuitamente.<\/p>\n<p>A energia consumida pelos equipamentos ser\u00e1 gerada por meio de placas solares instaladas na cobertura das estruturas. Essas estruturas ser\u00e3o doadas ao governo do estado para a economia de energia. A expectativa \u00e9 que o sistema comece a funcionar at\u00e9 o final deste ano.<\/p>\n<p>Cada uma das quatro esta\u00e7\u00f5es contar\u00e1 com seis conex\u00f5es, totalizando 24 pontos de carregamento. Ser\u00e3o instaladas duas tomadas comuns, para recarregar outros modelos de equipamentos.<\/p>\n<p>Fonte: Ag\u00eancia Brasil<\/p>\n","protected":false},"excerpt":{"rendered":"<p>Uma usina solar fotovoltaica flutuante ser\u00e1 instalada pela empresa Neoenergia no espelho d\u2019\u00e1gua do A\u00e7ude do Xar\u00e9u, no arquip\u00e9lago de Fernando de Noronha. O a\u00e7ude&#8230;<\/p>\n","protected":false},"author":1527,"featured_media":42178,"comment_status":"closed","ping_status":"closed","sticky":false,"template":"","format":"standard","meta":{"footnotes":""},"categories":[6],"tags":[],"class_list":["post-42177","post","type-post","status-publish","format-standard","has-post-thumbnail","hentry","category-noticias"],"_links":{"self":[{"href":"https:\/\/www.sincomam.org.br\/index.php\/wp-json\/wp\/v2\/posts\/42177","targetHints":{"allow":["GET"]}}],"collection":[{"href":"https:\/\/www.sincomam.org.br\/index.php\/wp-json\/wp\/v2\/posts"}],"about":[{"href":"https:\/\/www.sincomam.org.br\/index.php\/wp-json\/wp\/v2\/types\/post"}],"author":[{"embeddable":true,"href":"https:\/\/www.sincomam.org.br\/index.php\/wp-json\/wp\/v2\/users\/1527"}],"replies":[{"embeddable":true,"href":"https:\/\/www.sincomam.org.br\/index.php\/wp-json\/wp\/v2\/comments?post=42177"}],"version-history":[{"count":1,"href":"https:\/\/www.sincomam.org.br\/index.php\/wp-json\/wp\/v2\/posts\/42177\/revisions"}],"predecessor-version":[{"id":42179,"href":"https:\/\/www.sincomam.org.br\/index.php\/wp-json\/wp\/v2\/posts\/42177\/revisions\/42179"}],"wp:featuredmedia":[{"embeddable":true,"href":"https:\/\/www.sincomam.org.br\/index.php\/wp-json\/wp\/v2\/media\/42178"}],"wp:attachment":[{"href":"https:\/\/www.sincomam.org.br\/index.php\/wp-json\/wp\/v2\/media?parent=42177"}],"wp:term":[{"taxonomy":"category","embeddable":true,"href":"https:\/\/www.sincomam.org.br\/index.php\/wp-json\/wp\/v2\/categories?post=42177"},{"taxonomy":"post_tag","embeddable":true,"href":"https:\/\/www.sincomam.org.br\/index.php\/wp-json\/wp\/v2\/tags?post=42177"}],"curies":[{"name":"wp","href":"https:\/\/api.w.org\/{rel}","templated":true}]}}