{"id":42173,"date":"2022-11-01T07:05:20","date_gmt":"2022-11-01T10:05:20","guid":{"rendered":"http:\/\/www.sincomam.org.br\/?p=42173"},"modified":"2022-10-31T23:08:15","modified_gmt":"2022-11-01T02:08:15","slug":"ministro-do-stf-determina-o-desbloqueio-de-rodovias-federais","status":"publish","type":"post","link":"https:\/\/www.sincomam.org.br\/index.php\/ministro-do-stf-determina-o-desbloqueio-de-rodovias-federais\/","title":{"rendered":"Ministro do STF determina o desbloqueio de rodovias federais"},"content":{"rendered":"<p>O ministro do Supremo Tribunal Federal (STF), Alexandre de Moraes, determinou hoje (31) o total desbloqueio das rodovias federais que registraram paralisa\u00e7\u00f5es de caminhoneiros.\u00a0<img decoding=\"async\" src=\"https:\/\/agenciabrasil.ebc.com.br\/ebc.png?id=1491620&amp;o=node\" \/><img decoding=\"async\" src=\"https:\/\/agenciabrasil.ebc.com.br\/ebc.gif?id=1491620&amp;o=node\" \/><\/p>\n<p>Pela decis\u00e3o, a Pol\u00edcia Rodovi\u00e1ria Federal (PRF) e as policias militares estaduais dever\u00e3o cumprir a decis\u00e3o e garantir total trafegabilidade do tr\u00e2nsito de ve\u00edculos.<\/p>\n<p>Para Moraes, as paralisa\u00e7\u00f5es \u201cdesvirtuam o direito constitucional de reuni\u00e3o\u201d.<\/p>\n<p>\u201cO quadro f\u00e1tico revela com nitidez um cen\u00e1rio em que o abuso e desvirtuamento il\u00edcito e criminoso no exerc\u00edcio do direito constitucional de reuni\u00e3o vem acarretando efeito desproporcional e intoler\u00e1vel sobre todo o restante da sociedade, que depende do pleno funcionamento das cadeias de distribui\u00e7\u00e3o de produtos e servi\u00e7os para a manuten\u00e7\u00e3o dos aspectos mais essenciais e b\u00e1sicos da vida social\u201d, afirmou o ministro.<\/p>\n<p>Ontem (30), ap\u00f3s o an\u00fancio da vit\u00f3ria de Luiz In\u00e1cio Lula da Silva para a Presid\u00eancia da Rep\u00fablica em segundo turno, grupos de caminhoneiros iniciaram bloqueios em diversos pontos do pa\u00eds.<\/p>\n<p>Fonte: Ag\u00eancia Brasil<\/p>\n","protected":false},"excerpt":{"rendered":"<p>O ministro do Supremo Tribunal Federal (STF), Alexandre de Moraes, determinou hoje (31) o total desbloqueio das rodovias federais que registraram paralisa\u00e7\u00f5es de caminhoneiros.\u00a0 Pela&#8230;<\/p>\n","protected":false},"author":1527,"featured_media":42175,"comment_status":"closed","ping_status":"closed","sticky":false,"template":"","format":"standard","meta":{"footnotes":""},"categories":[6],"tags":[],"class_list":["post-42173","post","type-post","status-publish","format-standard","has-post-thumbnail","hentry","category-noticias"],"_links":{"self":[{"href":"https:\/\/www.sincomam.org.br\/index.php\/wp-json\/wp\/v2\/posts\/42173","targetHints":{"allow":["GET"]}}],"collection":[{"href":"https:\/\/www.sincomam.org.br\/index.php\/wp-json\/wp\/v2\/posts"}],"about":[{"href":"https:\/\/www.sincomam.org.br\/index.php\/wp-json\/wp\/v2\/types\/post"}],"author":[{"embeddable":true,"href":"https:\/\/www.sincomam.org.br\/index.php\/wp-json\/wp\/v2\/users\/1527"}],"replies":[{"embeddable":true,"href":"https:\/\/www.sincomam.org.br\/index.php\/wp-json\/wp\/v2\/comments?post=42173"}],"version-history":[{"count":1,"href":"https:\/\/www.sincomam.org.br\/index.php\/wp-json\/wp\/v2\/posts\/42173\/revisions"}],"predecessor-version":[{"id":42176,"href":"https:\/\/www.sincomam.org.br\/index.php\/wp-json\/wp\/v2\/posts\/42173\/revisions\/42176"}],"wp:featuredmedia":[{"embeddable":true,"href":"https:\/\/www.sincomam.org.br\/index.php\/wp-json\/wp\/v2\/media\/42175"}],"wp:attachment":[{"href":"https:\/\/www.sincomam.org.br\/index.php\/wp-json\/wp\/v2\/media?parent=42173"}],"wp:term":[{"taxonomy":"category","embeddable":true,"href":"https:\/\/www.sincomam.org.br\/index.php\/wp-json\/wp\/v2\/categories?post=42173"},{"taxonomy":"post_tag","embeddable":true,"href":"https:\/\/www.sincomam.org.br\/index.php\/wp-json\/wp\/v2\/tags?post=42173"}],"curies":[{"name":"wp","href":"https:\/\/api.w.org\/{rel}","templated":true}]}}